{"id":1151,"date":"2023-03-09T14:37:27","date_gmt":"2023-03-09T13:37:27","guid":{"rendered":"https:\/\/lpinstitute.dev.onpressidium.com\/news\/safe-inclusive-cities\/"},"modified":"2025-11-05T10:33:41","modified_gmt":"2025-11-05T09:33:41","slug":"safe-inclusive-cities","status":"publish","type":"post","link":"https:\/\/www.learningplanetinstitute.org\/fr\/news\/safe-inclusive-cities\/","title":{"rendered":"Edna Pezard, ing\u00e9nieure de recherche engag\u00e9e \u00e0 rendre les espaces publics plus s\u00fbrs et plus inclusifs"},"content":{"rendered":"\n<p>Edna Pezard est une architecte-urbaniste et une ing\u00e9nieure de recherche bas\u00e9e en France, passionn\u00e9e par la cr\u00e9ation d&#8217;espaces publics s\u00fbrs, inclusifs et humains. Elle d\u00e9veloppe actuellement un nouveau projet avec le programme U Lab de l&#8217;Institut des D\u00e9fis.<\/p>\n\n\n\n<p><\/p>\n\n\n\n<p>Apr\u00e8s un master en affaires urbaines au Mexique (2011-2013), elle a entam\u00e9 une th\u00e8se de doctorat \u00e0 l&#8217;Universit\u00e9 Paris Cit\u00e9 en 2017. Son approche est r\u00e9solument interdisciplinaire et elle sort souvent ses recherches du laboratoire. En 2019, elle fonde le think tank <a href=\"https:\/\/cityciteciudad.com\/\" target=\"_blank\" data-schema-attribute=\"about\" rel=\"noopener\">City Cit\u00e9 Ciudad<\/a> avec lequel elle m\u00e8ne ses projets. Au cours de son travail, elle a collabor\u00e9 avec des municipalit\u00e9s, des ONG, des chercheurs et des universit\u00e9s, toujours avec le m\u00eame objectif : am\u00e9liorer la s\u00e9curit\u00e9 dans les espaces publics pour les populations vuln\u00e9rables (femmes, enfants, personnes \u00e2g\u00e9es, etc) et &#8211; selon ses propres mots &#8211; &#8220;\u00eatre un acteur de changement positif dans les villes du monde entier&#8221;.<\/p>\n\n\n\n<p><\/p>\n\n\n\n<p>Edna est profond\u00e9ment engag\u00e9e et d\u00e9termin\u00e9e \u00e0 faire la diff\u00e9rence gr\u00e2ce \u00e0 la recherche et \u00e0 son exp\u00e9rience. Avec l&#8217;aide du U Lab, elle d\u00e9veloppe actuellement un nouveau projet : un parcours p\u00e9dagogique bas\u00e9 sur une s\u00e9rie de podcasts.<\/p>\n\n\n\n<p><\/p>\n\n\n\n<p>Nous l&#8217;avons rencontr\u00e9e.<\/p>\n\n\n\n<div style=\"height:40px\" aria-hidden=\"true\" class=\"wp-block-spacer\"><\/div>\n\n\n<div class=\"wp-block-image\">\n<figure class=\"aligncenter size-large\"><img alt=\"\" decoding=\"async\" src=\"http:\/\/www.learningplanetinstitute.org\/wp-content\/uploads\/2025\/10\/open-city-forum-2018-1024x683-1.jpg\" alt=\"\u00a9Edna Pezard\nEdna Pezard is an urbanist-architect and a research engineer based in France, passionate about making safe, inclusive and humane public spaces. She is currently developing a new project with the U Lab project of the Institut des D\u00e9fis.\" class=\"wp-image-18300\"\/><\/figure>\n<\/div>\n\n\n<div style=\"height:40px\" aria-hidden=\"true\" class=\"wp-block-spacer\"><\/div>\n\n\n\n<h3 class=\"wp-block-heading\">Pourquoi avez-vous choisi de consacrer vos travaux de recherche \u00e0 une meilleure compr\u00e9hension des relations entre les espaces publics et le sentiment d&#8217;ins\u00e9curit\u00e9 ?<\/h3>\n\n\n\n<div style=\"height:20px\" aria-hidden=\"true\" class=\"wp-block-spacer\"><\/div>\n\n\n\n<p>J&#8217;ai grandi au Mexique, pr\u00e8s des \u00c9tats-Unis. \u00c0 l&#8217;\u00e9poque o\u00f9 je venais d&#8217;obtenir mon master, le pays \u00e9tait devenu tr\u00e8s, tr\u00e8s violent en raison de divers probl\u00e8mes li\u00e9s \u00e0 la criminalit\u00e9 organis\u00e9e et \u00e0 la soi-disant &#8220;<em>guerre contre la drogue<\/em>&#8220;, qui ont fini par se propager et toucher la population moyenne. Peu \u00e0 peu, la s\u00e9curit\u00e9 et la s\u00fbret\u00e9 de l&#8217;environnement dans lequel on pouvait se d\u00e9placer et vivre sont devenues des questions quotidiennes \u00e0 prendre en compte.<\/p>\n\n\n\n<p><\/p>\n\n\n\n<p>Apr\u00e8s mon dipl\u00f4me, et comme beaucoup de jeunes urbanistes et architectes, j&#8217;\u00e9tais tr\u00e8s d\u00e9sireuse de faire la diff\u00e9rence et je voulais rendre les espaces publics plus durables. Mais dans tous mes premiers projets, un sujet revenait sans cesse, tant dans ma vie professionnelle que dans ma vie personnelle, entachant toutes les autres questions : le probl\u00e8me de la s\u00e9curit\u00e9. Ce n&#8217;\u00e9tait pas un sujet que je recherchais, mais il \u00e9tait constant. J&#8217;ai donc plong\u00e9 !<\/p>\n\n\n\n<div style=\"height:20px\" aria-hidden=\"true\" class=\"wp-block-spacer\"><\/div>\n\n\n\n<p class=\"has-gris-fonce-color has-text-color\"><em><mark style=\"background-color:rgba(0, 0, 0, 0);color:#696969\" class=\"has-inline-color\">Elle a d&#8217;abord propos\u00e9 un projet de recherche sur l&#8217;efficacit\u00e9 &#8211; ou l&#8217;inefficacit\u00e9 &#8211; des diff\u00e9rentes mesures visant \u00e0 rendre les espaces publics plus s\u00fbrs. Mais tr\u00e8s vite, elle s&#8217;est rendu compte que les taux de criminalit\u00e9 et les r\u00e9actions des gens ne racontaient pas syst\u00e9matiquement la m\u00eame histoire.<\/mark><\/em><\/p>\n\n\n\n<div style=\"height:20px\" aria-hidden=\"true\" class=\"wp-block-spacer\"><\/div>\n\n\n\n<p>Lorsque l&#8217;on parle de la notion de s\u00e9curit\u00e9 et de la mani\u00e8re de rendre les villes plus s\u00fbres, tout le monde a une opinion. La s\u00e9curit\u00e9 signifie beaucoup de choses pour beaucoup de gens, et cette signification fluctue en fonction de l&#8217;exp\u00e9rience, du statut social, de la g\u00e9ographie, etc&#8230; De plus, le sentiment d&#8217;ins\u00e9curit\u00e9 et la peur de la criminalit\u00e9 ne sont pas la m\u00eame chose. Le sentiment d&#8217;ins\u00e9curit\u00e9 peut \u00eatre d\u00e9clench\u00e9 non seulement par la criminalit\u00e9 &#8211; et la criminalit\u00e9, par exemple la criminalit\u00e9 en &#8220;col blanc&#8221;, peut se produire et vous pouvez vivre en vous sentant parfaitement en s\u00e9curit\u00e9. Les graffitis, par exemple, peuvent faire prendre conscience \u00e0 quelqu&#8217;un qu&#8217;il n&#8217;est peut-\u00eatre pas dans une zone s\u00fbre.<\/p>\n\n\n\n<p><\/p>\n\n\n\n<p>Tous les crimes ne sont pas violents et toutes les violences ne sont pas trait\u00e9es comme des crimes. Par exemple, dans un pays o\u00f9 le harc\u00e8lement de rue est consid\u00e9r\u00e9 comme un d\u00e9lit par les tribunaux, si une personne &#8211; disons une femme, comme c&#8217;est souvent le cas &#8211; est harcel\u00e9e verbalement mais que le harceleur s&#8217;en va, il y a eu violence mais le d\u00e9lit n&#8217;est pas forc\u00e9ment signal\u00e9. Or, la violence a un impact r\u00e9el sur la vie quotidienne. Ces incidents ne sont peut-\u00eatre pas trait\u00e9s comme des crimes, mais ils affectent la fa\u00e7on dont les gens se d\u00e9placent dans l&#8217;espace public, ils entra\u00eenent un changement de routine.<\/p>\n\n\n\n<p><\/p>\n\n\n\n<blockquote class=\"wp-block-quote is-layout-flow wp-block-quote-is-layout-flow\">\n<p>La s\u00e9curit\u00e9 est une question de vie quotidienne, en particulier pour les populations vuln\u00e9rables et marginalis\u00e9es. Ce sont les groupes qui sont les premiers et les plus touch\u00e9s par la violence &#8211; non pas la &#8220;criminalit\u00e9&#8221;, mais la &#8220;violence&#8221;. Malheureusement, ces populations sont aussi les moins entendues lorsqu&#8217;il s&#8217;agit de mieux comprendre les probl\u00e8mes et de trouver des solutions.<\/p>\n<\/blockquote>\n\n\n\n<p><\/p>\n\n\n\n<p>J&#8217;ai fait un jour un travail de terrain qui m&#8217;a amen\u00e9 \u00e0 rencontrer diff\u00e9rents groupes travaillant \u00e0 l&#8217;am\u00e9lioration de la s\u00e9curit\u00e9 dans leurs quartiers. Ces groupes \u00e9taient dirig\u00e9s par des hommes, mais il y avait surtout des femmes dans le panel. Et les femmes utilisaient des mani\u00e8res de parler tr\u00e8s neutres sur le plan du genre, mais elles donnaient g\u00e9n\u00e9ralement la priorit\u00e9 \u00e0 une perspective masculine. Ces groupes parlaient constamment de vols et de la mani\u00e8re de prot\u00e9ger sa voiture ou ses biens, mais jamais de la peur d&#8217;\u00eatre harcel\u00e9 ou agress\u00e9. C&#8217;est ce que les femmes ont fait apr\u00e8s la r\u00e9union du groupe, en se rassemblant et en parlant de leurs propres exp\u00e9riences. Lors de la r\u00e9union, personne ne leur a demand\u00e9 directement quels \u00e9taient leurs probl\u00e8mes.<\/p>\n\n\n\n<div style=\"height:60px\" aria-hidden=\"true\" class=\"wp-block-spacer\"><\/div>\n\n\n<div class=\"wp-block-image\">\n<figure class=\"aligncenter size-full is-resized\"><img alt=\"\" loading=\"lazy\" decoding=\"async\" src=\"http:\/\/www.learningplanetinstitute.org\/wp-content\/uploads\/2025\/10\/urban-project-workshop.jpg\" alt=\"\u00a9Edna Pezard\nEdna Pezard is an urbanist-architect and a research engineer based in France, passionate about making safe, inclusive and humane public spaces. She is currently developing a new project with the U Lab project of the Institut des D\u00e9fis.\" class=\"wp-image-18302\" width=\"488\" height=\"366\"\/><\/figure>\n<\/div>\n\n\n<div style=\"height:40px\" aria-hidden=\"true\" class=\"wp-block-spacer\"><\/div>\n\n\n\n<h3 class=\"wp-block-heading\">Vous avez d&#8217;abord \u00e9tudi\u00e9 l&#8217;urbanisme et l&#8217;architecture, mais vous utilisez notamment des concepts sociologiques dans votre travail. Comment vous \u00eates-vous rendu compte que vous deviez \u00e9largir votre champ de recherche et d&#8217;action et utiliser une approche interdisciplinaire ?<\/h3>\n\n\n\n<div style=\"height:20px\" aria-hidden=\"true\" class=\"wp-block-spacer\"><\/div>\n\n\n\n<p>En tant qu&#8217;architecte, j&#8217;ai appris \u00e0 cr\u00e9er des espaces, \u00e0 \u00eatre cr\u00e9atif et \u00e0 utiliser l&#8217;espace comme quelque chose que l&#8217;on peut manipuler. Je pense que cela a un peu chang\u00e9 maintenant, mais \u00e0 l&#8217;\u00e9poque o\u00f9 j&#8217;\u00e9tudiais les affaires urbaines, nous n&#8217;\u00e9tions pas bien inform\u00e9s sur les questions sociales et politiques li\u00e9es \u00e0 l&#8217;architecture. En ce qui me concerne, j&#8217;explique g\u00e9n\u00e9ralement l&#8217;\u00e9volution de mon point de vue en disant que j&#8217;ai d&#8217;abord \u00e9t\u00e9 un architecte int\u00e9ress\u00e9 par les espaces et les b\u00e2timents. Ensuite, je me suis int\u00e9ress\u00e9 aux groupes de b\u00e2timents dans les villes. Puis, au fil de mon doctorat et de mon exp\u00e9rience professionnelle, je me suis de plus en plus int\u00e9ress\u00e9 \u00e0 l&#8217;aspect social, qui est aujourd&#8217;hui l&#8217;\u00e9l\u00e9ment intangible jouant un r\u00f4le protagoniste dans mon travail.<\/p>\n\n\n\n<p><\/p>\n\n\n\n<p>Je combine mon instinct d&#8217;architecte, qui me pousse \u00e0 trouver des solutions ax\u00e9es sur l&#8217;espace et les mat\u00e9riaux, avec des outils plus subtils tels que l&#8217;anthropologie, la sociologie et les \u00e9tudes de genre. <\/p>\n\n\n\n<blockquote class=\"wp-block-quote is-layout-flow wp-block-quote-is-layout-flow\">\n<p>Dans mon domaine, nous avons tendance \u00e0 insister sur les solutions spatiales, mais ce n&#8217;est pas toujours la bonne solution. Rendre un espace plus beau ou plus pratique n&#8217;am\u00e9liore pas n\u00e9cessairement le sentiment de s\u00e9curit\u00e9 ou la s\u00e9curit\u00e9 elle-m\u00eame. <\/p>\n<\/blockquote>\n\n\n\n<p><\/p>\n\n\n\n<p>Affirmer que l&#8217;on peut r\u00e9soudre les probl\u00e8mes de s\u00e9curit\u00e9 dans un espace public en rendant cet espace plus accueillant gr\u00e2ce \u00e0 des travaux de peinture ou \u00e0 des bancs strat\u00e9giquement plac\u00e9s est tr\u00e8s, tr\u00e8s s\u00e9duisant. Mais peut-\u00eatre le probl\u00e8me sera-t-il mieux abord\u00e9 par une action sociale, en approchant les gens, en cr\u00e9ant des liens entre les autorit\u00e9s et les habitants. Tr\u00e8s souvent, les solutions manquent de l&#8217;\u00e9l\u00e9ment social qui prend en compte l&#8217;in\u00e9galit\u00e9 et l&#8217;intersectionnalit\u00e9.<\/p>\n\n\n\n<div style=\"height:60px\" aria-hidden=\"true\" class=\"wp-block-spacer\"><\/div>\n\n\n\n<h3 class=\"wp-block-heading\">Qu&#8217;est-ce que l&#8217;intersectionnalit\u00e9 ?<\/h3>\n\n\n\n<div style=\"height:20px\" aria-hidden=\"true\" class=\"wp-block-spacer\"><\/div>\n\n\n\n<pre class=\"wp-block-verse\"><em>L'<\/em><em>intersectionnalit\u00e9<\/em><em> est un cadre qui reconna\u00eet que les individus peuvent vivre et comprendre l'oppression diff\u00e9remment, en fonction de facteurs tels que leur race, leur identit\u00e9 de genre, leur orientation sexuelle, leur statut socio-\u00e9conomique et d'autres aspects de leur identit\u00e9, qui agissent simultan\u00e9ment, et que ces facteurs ne peuvent pas \u00eatre compris ou trait\u00e9s ind\u00e9pendamment les uns des autres. <\/em><em><br><\/em><em>Elle vise \u00e0 cr\u00e9er une soci\u00e9t\u00e9 plus juste en mettant l'accent sur l'exp\u00e9rience des personnes les plus marginalis\u00e9es.<\/em><\/pre>\n\n\n\n<p class=\"has-text-align-right\"><strong><em>Edna Pezard<\/em><\/strong><\/p>\n\n\n\n<div style=\"height:21px\" aria-hidden=\"true\" class=\"wp-block-spacer\"><\/div>\n\n\n\n<p>La notion d&#8217;intersectionnalit\u00e9 y est essentielle. Le probl\u00e8me de la s\u00e9curit\u00e9 et de la s\u00fbret\u00e9 devient encore plus complexe lorsque l&#8217;on consid\u00e8re les diff\u00e9rentes identit\u00e9s que chaque individu porte en lui. Il faut consid\u00e9rer toutes ces identit\u00e9s \u00e0 la fois pour mieux comprendre comment on peut \u00eatre avantag\u00e9 ou d\u00e9savantag\u00e9 par rapport aux structures de pouvoir en jeu dans la soci\u00e9t\u00e9. C&#8217;est particuli\u00e8rement vrai pour les femmes. C&#8217;est pourquoi le f\u00e9minisme intersectionnel est important.<\/p>\n\n\n\n<p><\/p>\n\n\n\n<div style=\"height:60px\" aria-hidden=\"true\" class=\"wp-block-spacer\"><\/div>\n\n\n<div class=\"wp-block-image\">\n<figure class=\"aligncenter size-large\"><img alt=\"\" decoding=\"async\" src=\"http:\/\/www.learningplanetinstitute.org\/wp-content\/uploads\/2025\/10\/9o7a2941-1024x552-1.jpg\" alt=\"\u00a9Edna Pezard\nEdna Pezard is an urbanist-architect and a research engineer based in France, passionate about making safe, inclusive and humane public spaces. She is currently developing a new project with the U Lab project of the Institut des D\u00e9fis.\" class=\"wp-image-18303\"\/><\/figure>\n<\/div>\n\n\n<div style=\"height:40px\" aria-hidden=\"true\" class=\"wp-block-spacer\"><\/div>\n\n\n\n<h3 class=\"wp-block-heading\">Vous avez dit que, dans le cadre de vos recherches, vous \u00eates all\u00e9e sur le terrain, \u00e0 la rencontre des gens. Utilisez-vous souvent des m\u00e9thodes participatives ?<\/h3>\n\n\n\n<div style=\"height:20px\" aria-hidden=\"true\" class=\"wp-block-spacer\"><\/div>\n\n\n\n<p>Il est absolument important dans mon processus d&#8217;inclure les personnes avec lesquelles et pour lesquelles je travaille. J&#8217;utilise diff\u00e9rentes m\u00e9thodes telles que les marches exploratoires, la cartographie participative, le photovoice, les cartes mentales, etc. Je travaille pour les utilisateurs qui vont profiter ou subir les cons\u00e9quences des solutions que je propose. Je pense que la participation est un \u00e9l\u00e9ment cl\u00e9 pour rendre les villes plus s\u00fbres et plus inclusives. Mais il faut \u00eatre intelligent dans la mani\u00e8re d&#8217;appliquer ces m\u00e9thodes participatives.<\/p>\n\n\n\n<p><\/p>\n\n\n\n<blockquote class=\"wp-block-quote is-layout-flow wp-block-quote-is-layout-flow\">\n<p>Pour revenir \u00e0 la notion d&#8217;intersectionnalit\u00e9, il est essentiel de comprendre \u00e0 qui l&#8217;on s&#8217;adresse, qui parle et qui ne parle pas.<\/p>\n<\/blockquote>\n\n\n\n<p>Les enqu\u00eates sont un outil tr\u00e8s courant pour \u00e9valuer la peur du crime et le sentiment d&#8217;ins\u00e9curit\u00e9. Mais tout le monde ne se sent pas habilit\u00e9 \u00e0 r\u00e9pondre \u00e0 une enqu\u00eate ; les gens ont g\u00e9n\u00e9ralement des r\u00e9ponses tr\u00e8s nuanc\u00e9es \u00e0 ce qui semble \u00eatre une question tr\u00e8s simple. Et cela concerne leur identit\u00e9 ou les diff\u00e9rentes identit\u00e9s combin\u00e9es en une seule personne. <\/p>\n\n\n\n<p><\/p>\n\n\n\n<p>J&#8217;utilise g\u00e9n\u00e9ralement des entretiens guid\u00e9s ou semi-guid\u00e9s plut\u00f4t que des enqu\u00eates, parce que nous pouvons aller plus loin dans la compr\u00e9hension du probl\u00e8me et de son origine du point de vue des diff\u00e9rents acteurs. Je privil\u00e9gie les outils qualitatifs aux outils quantitatifs. Cependant, on ne peut pas faire des entretiens approfondis avec 505 000 habitants ; c&#8217;est l\u00e0 qu&#8217;il faut faire attention \u00e0 la fa\u00e7on dont on aborde ces m\u00e9thodes.<\/p>\n\n\n\n<p><\/p>\n\n\n\n<p>Par exemple, il faut qu&#8217;on vous fasse confiance, ce qui est compliqu\u00e9 parce que la confiance exige de la vuln\u00e9rabilit\u00e9 et que c&#8217;est particuli\u00e8rement difficile avec des populations d\u00e9j\u00e0 vuln\u00e9rables. C&#8217;est pourquoi je conseille g\u00e9n\u00e9ralement aux d\u00e9cideurs de s&#8217;appuyer sur des associations locales, des groupes d\u00e9j\u00e0 en place, aussi petits soient-ils. Ce sont des interm\u00e9diaires qui peuvent vous aider \u00e0 \u00eatre dignes de confiance pour mener des \u00e9tudes qualitatives.<\/p>\n\n\n\n<div style=\"height:60px\" aria-hidden=\"true\" class=\"wp-block-spacer\"><\/div>\n\n\n\n<h3 class=\"wp-block-heading\">Avec qui avez-vous travaill\u00e9 ?<\/h3>\n\n\n\n<div style=\"height:20px\" aria-hidden=\"true\" class=\"wp-block-spacer\"><\/div>\n\n\n\n<p>J&#8217;ai travaill\u00e9 avec un large \u00e9ventail d&#8217;acteurs, depuis le citoyen moyen qui vit dans un quartier qu&#8217;il souhaite am\u00e9liorer, jusqu&#8217;aux autorit\u00e9s municipales, par exemple dans le cadre d&#8217;un projet financ\u00e9 par l&#8217;UE visant \u00e0 mettre en \u0153uvre des villes enti\u00e8res et \u00e0 s&#8217;attaquer au probl\u00e8me sur le long terme. Entre-temps, j&#8217;ai travaill\u00e9 avec des associations, des universit\u00e9s, d&#8217;autres professionnels dans le domaine de la recherche, de l&#8217;architecture, de l&#8217;urbanisme, des jeunes, des artistes, des photographes, etc.<\/p>\n\n\n\n<div style=\"height:60px\" aria-hidden=\"true\" class=\"wp-block-spacer\"><\/div>\n\n\n\n<h3 class=\"wp-block-heading\"><em>Vous travaillez actuellement sur de nouveaux projets avec l&#8217;Institut des D\u00e9fis, dans le cadre de leur programme U Lab qui incube des projets \u00e0 l&#8217;Institut Learning Planet. Ce programme vise \u00e0 promouvoir la transformation de l&#8217;universit\u00e9 par des enseignants-chercheurs et des chercheurs r\u00e9alisant des innovations de grande qualit\u00e9.<\/em> Comment avez-vous entendu parler du U Lab ?<\/h3>\n\n\n\n<div style=\"height:20px\" aria-hidden=\"true\" class=\"wp-block-spacer\"><\/div>\n\n\n\n<p>Il y a un an, j&#8217;ai re\u00e7u un mail de l&#8217;universit\u00e9 m&#8217;informant qu&#8217;une \u00e9quipe &#8211; l&#8217;Institut des D\u00e9fis &#8211; cherchait \u00e0 accompagner des scientifiques pour valoriser leurs travaux. J&#8217;ai tout de suite \u00e9t\u00e9 int\u00e9ress\u00e9e et je les ai contact\u00e9s. \u00c0 l&#8217;\u00e9poque, ils n&#8217;avaient pas beaucoup de projets en sciences sociales et c&#8217;est ainsi que je pense que notre collaboration est mutuellement b\u00e9n\u00e9fique !<\/p>\n\n\n\n<div style=\"height:60px\" aria-hidden=\"true\" class=\"wp-block-spacer\"><\/div>\n\n\n\n<h3 class=\"wp-block-heading\">Avec quel projet avez-vous pris contact pour la premi\u00e8re fois avec le laboratoire europ\u00e9en ?<\/h3>\n\n\n\n<div style=\"height:20px\" aria-hidden=\"true\" class=\"wp-block-spacer\"><\/div>\n\n\n\n<p>La premi\u00e8re chose sur laquelle nous avons travaill\u00e9 \u00e9tait un projet que j&#8217;avais d\u00e9j\u00e0 concoct\u00e9 et sur lequel j&#8217;avais travaill\u00e9 : comment rendre mes connaissances &#8211; issues de mes exp\u00e9riences pr\u00e9c\u00e9dentes &#8211; accessibles aux d\u00e9cideurs pour qu&#8217;ils travaillent \u00e0 rendre les espaces publics plus s\u00fbrs, plus inclusifs et plus humains.<\/p>\n\n\n\n<p><\/p>\n\n\n\n<p>Nous avons cr\u00e9\u00e9 la &#8220;<strong><em>bo\u00eete \u00e0 outils SHI<\/em><\/strong>&#8221; (Safe, Humane, and Inclusive). Nous avons d\u00e9velopp\u00e9 un prototype de bo\u00eete \u00e0 outils pour ces professionnels qui doivent travailler sur ce sujet (comment rendre un espace public s\u00fbr) mais qui ne sont pas totalement \u00e9quip\u00e9s pour comprendre la complexit\u00e9 du probl\u00e8me et\/ou pour d\u00e9velopper des solutions r\u00e9alistes. Cette bo\u00eete \u00e0 outils est bien s\u00fbr appel\u00e9e \u00e0 \u00e9voluer, \u00e0 changer gr\u00e2ce \u00e0 l&#8217;utilisation qui en est faite, \u00e0 partir des exp\u00e9riences des utilisateurs. Ce projet est toujours en cours et nous avons d\u00e9j\u00e0 commenc\u00e9 \u00e0 contacter des institutions et des professionnels pour leur faire part du concept et voir s&#8217;ils sont int\u00e9ress\u00e9s.<\/p>\n\n\n\n<div style=\"height:60px\" aria-hidden=\"true\" class=\"wp-block-spacer\"><\/div>\n\n\n\n<h3 class=\"wp-block-heading\">Vous avez \u00e9galement d\u00e9velopp\u00e9 un autre projet au sein du U Lab, sur lequel vous travaillez actuellement et activement. Pouvez-vous nous en dire plus sur ce nouveau projet ?<\/h3>\n\n\n\n<div style=\"height:20px\" aria-hidden=\"true\" class=\"wp-block-spacer\"><\/div>\n\n\n\n<p>Oui, nous travaillons sur un podcast de m\u00e9diation scientifique ! Il s&#8217;agit toujours du m\u00eame sujet : comment penser la s\u00e9curit\u00e9 et la s\u00fbret\u00e9 d&#8217;une mani\u00e8re beaucoup plus inclusive et humaine ? Nous allons explorer des concepts avec lesquels j&#8217;ai travaill\u00e9, \u00e0 travers mes id\u00e9es mais aussi celles d&#8217;autres professionnels.<\/p>\n\n\n\n<p><\/p>\n\n\n\n<blockquote class=\"wp-block-quote is-layout-flow wp-block-quote-is-layout-flow\">\n<p>Qu&#8217;est-ce qu&#8217;une ville s\u00fbre, qu&#8217;est-ce qu&#8217;un espace public s\u00fbr ? Qu&#8217;est-ce qu&#8217;un espace public ? Que signifie la &#8220;s\u00e9curit\u00e9&#8221; dans une ville, pour qui ? Qu&#8217;est-ce que la violence et qu&#8217;est-ce que la criminalit\u00e9 ? Comment la peur des crimes et les sentiments d&#8217;ins\u00e9curit\u00e9 sont souvent confondus. Qui est exclu de ces conversations sur la &#8220;s\u00e9curit\u00e9&#8221; ? Que se passe-t-il lorsque nous ouvrons le dialogue aux populations vuln\u00e9rables ? <\/p>\n<\/blockquote>\n\n\n\n<p>Par exemple, j&#8217;aimerais discuter de la fa\u00e7on dont les transformations spatiales visant \u00e0 rendre les espaces publics plus s\u00fbrs ne signifient pas n\u00e9cessairement qu&#8217;elles rendent les espaces publics plus inclusifs ou plus agr\u00e9ables. Comment une personne LGBTQ+ ou racialis\u00e9e se sent-elle dans un espace public ?<\/p>\n\n\n\n<p><\/p>\n\n\n\n<p>L&#8217;id\u00e9e est d&#8217;avoir du mat\u00e9riel didactique pour chaque \u00e9pisode afin que les gens aient \u00e9galement des r\u00e9sum\u00e9s visuels et des exemples de la fa\u00e7on dont les concepts sont interconnect\u00e9s. Les \u00e9pisodes &#8211; une dizaine d&#8217;environ 30 minutes &#8211; familiariseront les auditeurs avec les concepts et les illustreront dans notre discussion sur les exp\u00e9riences r\u00e9ussies ou rat\u00e9es.<\/p>\n\n\n\n<div style=\"height:60px\" aria-hidden=\"true\" class=\"wp-block-spacer\"><\/div>\n\n\n\n<h3 class=\"wp-block-heading\">Quelles sont les prochaines \u00e9tapes ?<\/h3>\n\n\n\n<div style=\"height:20px\" aria-hidden=\"true\" class=\"wp-block-spacer\"><\/div>\n\n\n\n<p>Je pense qu&#8217;il y a beaucoup \u00e0 gagner en combinant la recherche et la soci\u00e9t\u00e9. Je pense qu&#8217;un grand nombre de probl\u00e8mes r\u00e9els que rencontrent les gens pourraient \u00eatre r\u00e9solus gr\u00e2ce \u00e0 l&#8217;apport des chercheurs ; c&#8217;est une fa\u00e7on de d\u00e9couvrir de nouveaux angles et de nouvelles analyses sur les probl\u00e8mes de la vie quotidienne. J&#8217;aimerais continuer \u00e0 travailler avec des personnes qui partagent cet \u00e9tat d&#8217;esprit de faire sortir la recherche du laboratoire et de l&#8217;amener dans la rue.<\/p>\n\n\n\n<p><\/p>\n\n\n\n<p>J&#8217;aimerais poursuivre mon travail au sein de mon think tank <a href=\"https:\/\/cityciteciudad.com\/fr\/accueil\/\">City-Cit\u00e9-Ciudad<\/a> &#8211; fond\u00e9 en 2019 &#8211; pour cr\u00e9er et partager des id\u00e9es et continuer \u00e0 produire des recherches qui ont un impact.<\/p>\n\n\n\n<div style=\"height:60px\" aria-hidden=\"true\" class=\"wp-block-spacer\"><\/div>\n\n\n\n<hr class=\"wp-block-separator has-alpha-channel-opacity\"\/>\n\n\n\n<div style=\"height:20px\" aria-hidden=\"true\" class=\"wp-block-spacer\"><\/div>\n\n\n\n<h5 class=\"wp-block-heading\">Pour en savoir plus :<\/h5>\n\n\n\n<ul class=\"wp-block-list\">\n<li>Edna Pezard <a href=\"https:\/\/www.ednapezard.com\/\">:<\/a><a href=\"https:\/\/www.ednapezard.com\/\"> https:\/\/www.ednapezard.com\/<\/a> <\/li>\n<\/ul>\n\n\n\n<div style=\"height:15px\" aria-hidden=\"true\" class=\"wp-block-spacer\"><\/div>\n\n\n\n<ul class=\"wp-block-list\">\n<li>Le Think tank City Cit\u00e9 Ciudad <a href=\"https:\/\/cityciteciudad.com\/fr\/accueil\/\" target=\"_blank\" rel=\"noopener\" data-schema-attribute=\"about\">: https:\/\/cityciteciudad.com\/fr\/accueil\/<\/a> <\/li>\n<\/ul>\n\n\n\n<div style=\"height:15px\" aria-hidden=\"true\" class=\"wp-block-spacer\"><\/div>\n\n\n\n<ul class=\"wp-block-list\">\n<li>Le projet U LAB de l&#8217;Institut des D\u00e9fis<\/li>\n<\/ul>\n\n\n\n<p><\/p>\n\n\n\n<p>L&#8217;appel \u00e0 projets U Lab vise \u00e0 promouvoir la transformation de l&#8217;universit\u00e9 par des enseignants-chercheurs et des chercheurs r\u00e9alisant des innovations de qualit\u00e9 en lien avec les d\u00e9fis de notre temps.<\/p>\n\n\n\n<p><\/p>\n\n\n\n<p>A travers le programme U Lab, l&#8217;Institut des D\u00e9fis (IDD) soutient les enseignants-chercheurs et les doctorants de l&#8217;Universit\u00e9 Paris Cit\u00e9 qui souhaitent innover ou d\u00e9velopper des innovations dans le domaine des sciences et de la soci\u00e9t\u00e9, et en particulier dans les interactions entre l&#8217;universit\u00e9 et la ville.<\/p>\n\n\n\n<p><\/p>\n\n\n\n<p>Le U Lab incube \u00e0 l&#8217;Institut Learning Planet des projets destin\u00e9s aux \u00e9tudiants de l&#8217;Universit\u00e9 Paris Cit\u00e9 en soutenant les enseignants-chercheurs et doctorants de l&#8217;Universit\u00e9 Paris Cit\u00e9 qui souhaitent innover ou d\u00e9velopper des innovations. La p\u00e9riode d&#8217;incubation dure 6 mois et est rythm\u00e9e par des rencontres et des ateliers.<\/p>\n\n\n\n<p>Contact : <a href=\"mailto:alexandra.laurent@learningplanetinstitute.org\" target=\"_blank\" rel=\"noopener\">alexandra.laurent@learningplanetinstitute.org<\/a> <\/p>\n\n\n\n<div style=\"height:15px\" aria-hidden=\"true\" class=\"wp-block-spacer\"><\/div>\n\n\n\n<ul class=\"wp-block-list\">\n<li>L&#8217;\u00e9quipe de l&#8217;Institut des D\u00e9fis <a href=\"http:\/\/www.learningplanetinstitute.org\/linstitut-des-defis\/\" target=\"_blank\" data-schema-attribute=\"about\" rel=\"noopener\">: http:\/\/www.learningplanetinstitute.org\/linstitut-des-defis\/<\/a> <\/li>\n<\/ul>\n\n\n\n<p>Depuis deux ans, l&#8217;Institut des D\u00e9fis (IDD), cofond\u00e9 par l&#8217;Institut Learning Planet et l&#8217;Universit\u00e9 Paris Cit\u00e9, transforme l&#8217;universit\u00e9 en lien avec les Objectifs de D\u00e9veloppement Durable (ODD) fix\u00e9s par l&#8217;ONU.<\/p>\n\n\n\n<p><\/p>\n\n\n\n<p><\/p>\n\n\n\n<p><\/p>\n\n\n\n<hr class=\"wp-block-separator has-alpha-channel-opacity\"\/>\n\n\n\n<p class=\"has-small-font-size\"><em><em>Cette publication s&#8217;inscrit dans le cadre de la Chaire UNESCO &#8221; Sciences de l&#8217;apprendre &#8220;, \u00e9tabli entre l&#8217;UNESCO et Universit\u00e9 Paris Cit\u00e9, en partenariat avec le Learning Planet Institute.<br>Les id\u00e9es et opinions exprim\u00e9es dans cette publication sont celles des auteurs. Elles ne repr\u00e9sentent pas n\u00e9cessairement les vues de l&#8217;UNESCO et n&#8217;engagent en rien l&#8217;Organisation.<\/em><\/em><\/p>\n","protected":false},"excerpt":{"rendered":"<p>Edna Pezard is an urbanist-architect and a research engineer based in France, passionate about making safe, inclusive and humane public spaces. She is currently developing a new project with the U Lab project of the Institut des D\u00e9fis.<\/p>\n","protected":false},"author":8,"featured_media":1156,"comment_status":"open","ping_status":"open","sticky":false,"template":"","format":"standard","meta":{"_acf_changed":false,"_seopress_robots_primary_cat":"","_seopress_titles_title":"","_seopress_titles_desc":"","_seopress_robots_index":"","footnotes":""},"categories":[35,25,20],"tags":[46,45,36],"class_list":["post-1151","post","type-post","status-publish","format-standard","has-post-thumbnail","hentry","category-community","category-education","category-rd","tag-inclusion","tag-institut-des-defis","tag-portrait"],"acf":[],"meta_box":[],"_links":{"self":[{"href":"https:\/\/www.learningplanetinstitute.org\/fr\/wp-json\/wp\/v2\/posts\/1151","targetHints":{"allow":["GET"]}}],"collection":[{"href":"https:\/\/www.learningplanetinstitute.org\/fr\/wp-json\/wp\/v2\/posts"}],"about":[{"href":"https:\/\/www.learningplanetinstitute.org\/fr\/wp-json\/wp\/v2\/types\/post"}],"author":[{"embeddable":true,"href":"https:\/\/www.learningplanetinstitute.org\/fr\/wp-json\/wp\/v2\/users\/8"}],"replies":[{"embeddable":true,"href":"https:\/\/www.learningplanetinstitute.org\/fr\/wp-json\/wp\/v2\/comments?post=1151"}],"version-history":[{"count":0,"href":"https:\/\/www.learningplanetinstitute.org\/fr\/wp-json\/wp\/v2\/posts\/1151\/revisions"}],"wp:featuredmedia":[{"embeddable":true,"href":"https:\/\/www.learningplanetinstitute.org\/fr\/wp-json\/wp\/v2\/media\/1156"}],"wp:attachment":[{"href":"https:\/\/www.learningplanetinstitute.org\/fr\/wp-json\/wp\/v2\/media?parent=1151"}],"wp:term":[{"taxonomy":"category","embeddable":true,"href":"https:\/\/www.learningplanetinstitute.org\/fr\/wp-json\/wp\/v2\/categories?post=1151"},{"taxonomy":"post_tag","embeddable":true,"href":"https:\/\/www.learningplanetinstitute.org\/fr\/wp-json\/wp\/v2\/tags?post=1151"}],"curies":[{"name":"wp","href":"https:\/\/api.w.org\/{rel}","templated":true}]}}