{"id":1637,"date":"2024-07-29T14:29:44","date_gmt":"2024-07-29T12:29:44","guid":{"rendered":"https:\/\/lpinstitute.dev.onpressidium.com\/news\/co-designing-with-youth\/"},"modified":"2025-11-05T10:32:11","modified_gmt":"2025-11-05T09:32:11","slug":"co-designing-with-youth","status":"publish","type":"post","link":"https:\/\/www.learningplanetinstitute.org\/fr\/news\/co-designing-with-youth\/","title":{"rendered":"Co-concevoir l&#8217;avenir de l&#8217;apprentissage avec les jeunes : Retour sur l&#8217;\u00e9v\u00e9nement de la Chaire UNESCO des sciences de l&#8217;apprentissage"},"content":{"rendered":"\n<div style=\"height:25px\" aria-hidden=\"true\" class=\"wp-block-spacer\"><\/div>\n\n\n\n<p>Le 22 juillet 2024, <a href=\"http:\/\/www.learningplanetinstitute.org\/en\/the-unesco-chair-learning-sciences\/\">la Chaire UNESCO des sciences de l&#8217;apprentissage de l&#8217;Institut Plan\u00e8te Apprentissage<\/a> a organis\u00e9 une table ronde en ligne dynamique intitul\u00e9e &#8220;Co-concevoir l&#8217;avenir de l&#8217;apprentissage avec les jeunes&#8221; Avec 180 participants, cette session interactive a offert une plateforme aux leaders de l&#8217;\u00e9ducation et aux jeunes pour discuter de la mani\u00e8re de fa\u00e7onner ensemble l&#8217;avenir de l&#8217;\u00e9ducation avec les jeunes.<\/p>\n\n\n\n<div style=\"height:40px\" aria-hidden=\"true\" class=\"wp-block-spacer\"><\/div>\n\n\n\n<figure class=\"wp-block-image size-large\"><img decoding=\"async\" src=\"http:\/\/www.learningplanetinstitute.org\/wp-content\/uploads\/2025\/10\/capture-decran-2024-07-29-a-124331-1024x487-1.jpg\" alt=\"Co-Designing the Future of Learning with Youth: Lookback on the UNESCO Learning Sciences Chair Event\" class=\"wp-image-37950\"\/><\/figure>\n\n\n\n<div style=\"height:40px\" aria-hidden=\"true\" class=\"wp-block-spacer\"><\/div>\n\n\n\n<h2 class=\"wp-block-heading\"><strong>Pr\u00e9parer le terrain pour la co-conception<\/strong><\/h2>\n\n\n\n<div style=\"height:25px\" aria-hidden=\"true\" class=\"wp-block-spacer\"><\/div>\n\n\n\n<p>Nous avons eu l&#8217;honneur d&#8217;accueillir un grand panel de responsables de l&#8217;\u00e9ducation, parmi lesquels <a href=\"https:\/\/www.linkedin.com\/in\/manja-klemencic-581020178\/\" target=\"_blank\" rel=\"noopener\">Manja Klemencic<\/a> &#8211; Ma\u00eetre de conf\u00e9rences associ\u00e9e en sociologie et en \u00e9ducation g\u00e9n\u00e9rale, <a href=\"https:\/\/www.harvard.edu\/\" target=\"_blank\" rel=\"noopener\">Universit\u00e9 de Harvard<\/a> et \u00e9ditrice du <a href=\"https:\/\/www.bloomsbury.com\/uk\/bloomsbury-handbook-of-student-politics-and-representation-in-higher-education-9781350375970\/\" target=\"_blank\" rel=\"noopener\">Bloomsbury Handbook of Student Politics and Representation in Higher Education<\/a> -, <a href=\"https:\/\/www.linkedin.com\/in\/michael-winter123\/\" target=\"_blank\" rel=\"noopener\">Michael Winter<\/a> &#8211; Copr\u00e9sident d&#8217;<a href=\"https:\/\/oikos-international.org\/\" target=\"_blank\" rel=\"noopener\">oikos International<\/a>, <a href=\"https:\/\/www.linkedin.com\/in\/arissaroy\/\" target=\"_blank\" rel=\"noopener\">Arissa Roy<\/a> &#8211; Copr\u00e9sidente de Healthy and Safe Spaces, Schools &amp; Self, UNESCO SDG 4 Youth and Self, UNESCO SDG 4 Youth. Self, UNESCO <a href=\"https:\/\/sdgs.un.org\/goals\" target=\"_blank\" rel=\"noopener\">SDG<\/a> 4 Youth and Students Network, les <a href=\"https:\/\/www.learning-planet.org\/2023-2024-youth-design-challenge-finalists-training-programme-update\/\" target=\"_blank\" rel=\"noopener\">finalistes<\/a> du Learning Planet Youth Design Challenge, <a href=\"https:\/\/www.linkedin.com\/in\/edwardstevenette\/\" target=\"_blank\" rel=\"noopener\">Edward Stevenette<\/a> &#8211; membre de l&#8217;\u00e9quipe <a href=\"https:\/\/www.learning-planet.org\/\">LearningPlanet Alliance<\/a> \u00e0 l&#8217;Institut Learning Planet -, et <a href=\"https:\/\/www.linkedin.com\/in\/fran%C3%A7ois-taddei-3696b919\/\" target=\"_blank\" rel=\"noopener\">Fran\u00e7ois Taddei <\/a>&#8211; fondateur et pr\u00e9sident de l&#8217;<a href=\"http:\/\/www.learningplanetinstitute.org\/en\/\" target=\"_blank\" rel=\"noopener\">Institut Learning Planet<\/a> et <a href=\"http:\/\/www.learningplanetinstitute.org\/en\/the-unesco-chair-learning-sciences\/\" target=\"_blank\" rel=\"noopener\">titulaire de la chaire Unesco en sciences de l&#8217;apprentissage<\/a>. <\/p>\n\n\n\n<p><\/p>\n\n\n\n<p>Les participants ont d&#8217;abord partag\u00e9 leurs r\u00e9flexions sur ce que signifie pour eux la co-conception de l&#8217;apprentissage avec les jeunes, ce qui a donn\u00e9 lieu \u00e0 un nuage de mots qui a mis en \u00e9vidence des th\u00e8mes cl\u00e9s tels que l&#8217;<strong><em>autonomisation<\/em><\/strong>, l&#8217;<strong><em>innovation<\/em><\/strong> et l&#8217;<strong><em>inclusion<\/em><\/strong>.<\/p>\n\n\n\n<div style=\"height:25px\" aria-hidden=\"true\" class=\"wp-block-spacer\"><\/div>\n\n\n\n<figure class=\"wp-block-image size-large\"><img decoding=\"async\" src=\"http:\/\/www.learningplanetinstitute.org\/wp-content\/uploads\/2025\/10\/capture-decran-2024-07-29-a-114932-1024x505-1.jpg\" alt=\"Co-Designing the Future of Learning with Youth: Lookback on the UNESCO Learning Sciences Chair Event\" class=\"wp-image-37936\"\/><\/figure>\n\n\n\n<div style=\"height:30px\" aria-hidden=\"true\" class=\"wp-block-spacer\"><\/div>\n\n\n\n<p>La session s&#8217;est ensuite concentr\u00e9e sur trois th\u00e8mes principaux \u00e0 travers une s\u00e9rie d&#8217;\u00e9tudes de cas : la <strong><em>gouvernance<\/em><\/strong>, la <strong><em>conception des programmes d&#8217;\u00e9tudes<\/em><\/strong> et le <strong><em>plaidoyer<\/em><\/strong>:<br><\/p>\n\n\n\n<div style=\"height:50px\" aria-hidden=\"true\" class=\"wp-block-spacer\"><\/div>\n\n\n\n<h5 class=\"wp-block-heading\"><strong>La gouvernance : Responsabiliser les \u00e9tudiants leaders<\/strong><\/h5>\n\n\n\n<div style=\"height:20px\" aria-hidden=\"true\" class=\"wp-block-spacer\"><\/div>\n\n\n\n<p><strong>Manja Klemen\u010di\u010d<\/strong>, ma\u00eetre de conf\u00e9rences associ\u00e9e en sociologie et en \u00e9ducation g\u00e9n\u00e9rale \u00e0 l&#8217;universit\u00e9 de Harvard et r\u00e9dactrice en chef du Bloomsbury Handbook of Student Politics and Representation in Higher Education, a soulign\u00e9 l&#8217;importance de l&#8217;autonomisation des leaders \u00e9tudiants :<\/p>\n\n\n\n<blockquote class=\"wp-block-quote is-layout-flow wp-block-quote-is-layout-flow\">\n<p>La co-conception avec les \u00e9tudiants signifie l&#8217;autonomisation des leaders \u00e9tudiants. Cela signifie briser les barri\u00e8res entre les universitaires, les chercheurs et les praticiens de la repr\u00e9sentation et de la gouvernance des \u00e9tudiants. Cela affirmait que les \u00e9tudiants leaders poss\u00e8dent des connaissances et des exp\u00e9riences pr\u00e9cieuses qui peuvent nous informer et nous \u00e9duquer, cr\u00e9ant ainsi une puissante communaut\u00e9 d&#8217;apprentissage.<\/p>\n\n\n\n<p><\/p>\n<\/blockquote>\n\n\n\n<div style=\"height:30px\" aria-hidden=\"true\" class=\"wp-block-spacer\"><\/div>\n\n\n\n<figure class=\"wp-block-image size-large\"><img alt=\"\" decoding=\"async\" src=\"http:\/\/www.learningplanetinstitute.org\/wp-content\/uploads\/2025\/10\/capture-decran-2024-07-29-a-124517-1024x333-1.jpg\" alt=\"\" class=\"wp-image-37951\"\/><\/figure>\n\n\n\n<div style=\"height:25px\" aria-hidden=\"true\" class=\"wp-block-spacer\"><\/div>\n\n\n\n<p class=\"has-text-align-right\"><a href=\"https:\/\/www.bloomsburycollections.com\/encyclopedia?docid=b-9781350376007&amp;ref=globalstudentforum.org\" target=\"_blank\" rel=\"noopener\">T\u00e9l\u00e9charger gratuitement le manuel de Bloomsbury<\/a><\/p>\n\n\n\n<div style=\"height:50px\" aria-hidden=\"true\" class=\"wp-block-spacer\"><\/div>\n\n\n\n<h5 class=\"wp-block-heading\"><strong>Programme d&#8217;\u00e9tudes : Minimalisme et engagement<\/strong><\/h5>\n\n\n\n<div style=\"height:20px\" aria-hidden=\"true\" class=\"wp-block-spacer\"><\/div>\n\n\n\n<p><strong>Michael Winter<\/strong>, copr\u00e9sident d&#8217;Oikos International, a parl\u00e9 avec passion de la n\u00e9cessit\u00e9 d&#8217;une approche minimaliste de la conception des programmes d&#8217;\u00e9tudes :<\/p>\n\n\n\n<blockquote class=\"wp-block-quote is-layout-flow wp-block-quote-is-layout-flow\">\n<p><em>La co-conception de l&#8217;avenir de l&#8217;apprentissage exige plus qu&#8217;un travail sur les d\u00e9tails. Il faut ouvrir les espaces, devenir des minimalistes du curriculum et trouver de la place pour les arts et les projets. Les \u00e9ducateurs doivent sortir de leur bureau, voir les \u00e9l\u00e8ves et s&#8217;engager activement avec eux.<\/em><\/p>\n<\/blockquote>\n\n\n\n<div style=\"height:20px\" aria-hidden=\"true\" class=\"wp-block-spacer\"><\/div>\n\n\n\n<p class=\"has-text-align-right\"><a href=\"https:\/\/www.canva.com\/design\/DAGLrO22zLI\/JykX_v3vTCS68AwzzXik5w\/view?utm_content=DAGLrO22zLI&amp;utm_campaign=designshare&amp;utm_medium=link&amp;utm_source=editor\">Voir la pr\u00e9sentation de Michael Winter ici<\/a><\/p>\n\n\n\n<div style=\"height:40px\" aria-hidden=\"true\" class=\"wp-block-spacer\"><\/div>\n\n\n\n<p><strong>Fran\u00e7ois Taddei<\/strong>, fondateur et pr\u00e9sident de l&#8217;Institut Learning Planet, a partag\u00e9 une perspective \u00e0 long terme sur la co-conception :<\/p>\n\n\n\n<blockquote class=\"wp-block-quote is-layout-flow wp-block-quote-is-layout-flow\">\n<p><em>Nous avons commenc\u00e9 il y a 20 ans avec quelques \u00e9tudiants et nous avons doubl\u00e9 de taille \u00e0 plusieurs reprises au cours des 20 derni\u00e8res ann\u00e9es. La co-conception d&#8217;espaces physiques, d&#8217;environnements d&#8217;apprentissage, de programmes d&#8217;\u00e9tudes et de dipl\u00f4mes en gardant \u00e0 l&#8217;esprit le point de vue de l&#8217;\u00e9tudiant a \u00e9t\u00e9 essentielle. Notre approche consiste \u00e0 \u00e9couter le cadre et \u00e0 le faire \u00e9voluer en tenant compte de l&#8217;avis des \u00e9tudiants afin de maximiser l&#8217;\u00e9panouissement des \u00e9tudiants et des projets.<\/em><\/p>\n<\/blockquote>\n\n\n\n<div style=\"height:50px\" aria-hidden=\"true\" class=\"wp-block-spacer\"><\/div>\n\n\n\n<h5 class=\"wp-block-heading\">Plaidoyer : Exploiter le pouvoir de la narration<\/h5>\n\n\n\n<div style=\"height:20px\" aria-hidden=\"true\" class=\"wp-block-spacer\"><\/div>\n\n\n\n<figure class=\"wp-block-image size-large\"><img decoding=\"async\" src=\"http:\/\/www.learningplanetinstitute.org\/wp-content\/uploads\/2025\/10\/capture-decran-2024-07-29-a-125026-1024x603-1.jpg\" alt=\"To co-design the Future of Learning with Youth: Lookback on the UNESCO Learning Sciences Chair Event\" class=\"wp-image-37952\"\/><\/figure>\n\n\n\n<div style=\"height:30px\" aria-hidden=\"true\" class=\"wp-block-spacer\"><\/div>\n\n\n\n<p><strong>Arissa Roy<\/strong>, copr\u00e9sidente de Healthy and Safe Spaces, Schools &amp; Self, UNESCO SDG 4 Youth and Students Network, a soulign\u00e9 que la narration \u00e9tait un outil crucial dans la co-conception :<\/p>\n\n\n\n<blockquote class=\"wp-block-quote is-layout-flow wp-block-quote-is-layout-flow\">\n<p><em>Ayant particip\u00e9 \u00e0 la cr\u00e9ation de la D\u00e9claration de la jeunesse de l&#8217;ONU en tant que jeune, je pense que la narration est essentielle. Selon l&#8217;universit\u00e9 de Stanford, on se souvient jusqu&#8217;\u00e0 22 fois plus des histoires que des faits seuls. Partager nos histoires est vital pour le plaidoyer en faveur de l&#8217;\u00e9ducation.<\/em><\/p>\n<\/blockquote>\n\n\n\n<div style=\"height:60px\" aria-hidden=\"true\" class=\"wp-block-spacer\"><\/div>\n\n\n\n<hr class=\"wp-block-separator has-alpha-channel-opacity\"\/>\n\n\n\n<div style=\"height:20px\" aria-hidden=\"true\" class=\"wp-block-spacer\"><\/div>\n\n\n\n<p class=\"has-text-align-center\"><a href=\"https:\/\/fathom.video\/share\/gk48tbDiCWVfCjWAfqmu6NHy7PdAGJ6v\"><strong>Regardez la session compl\u00e8te ici<\/strong><\/a><\/p>\n\n\n\n<div style=\"height:20px\" aria-hidden=\"true\" class=\"wp-block-spacer\"><\/div>\n\n\n\n<hr class=\"wp-block-separator has-alpha-channel-opacity\"\/>\n\n\n\n<div style=\"height:40px\" aria-hidden=\"true\" class=\"wp-block-spacer\"><\/div>\n\n\n\n<h3 class=\"wp-block-heading has-text-align-left\">Prochaines \u00e9tapes<\/h3>\n\n\n\n<div style=\"height:30px\" aria-hidden=\"true\" class=\"wp-block-spacer\"><\/div>\n\n\n\n<p>Au terme de cette session, nous restons d\u00e9termin\u00e9s \u00e0 lever les obstacles \u00e0 l&#8217;acc\u00e8s \u00e0 l&#8217;\u00e9ducation et \u00e0 explorer les possibilit\u00e9s d&#8217;une plus grande participation des jeunes aux d\u00e9cisions internationales en mati\u00e8re d&#8217;\u00e9ducation.<\/p>\n\n\n\n<p>L&#8217;Institut Plan\u00e8te \u00e9ducative et sa communaut\u00e9 continueront \u00e0 fournir aux jeunes les outils et le soutien n\u00e9cessaires pour transformer leurs id\u00e9es novatrices en solutions efficaces. Gr\u00e2ce \u00e0 des mentors d\u00e9vou\u00e9s et \u00e0 un cadre solide, nous nous engageons \u00e0 favoriser la croissance des id\u00e9es des jeunes en mati\u00e8re d&#8217;\u00e9ducation<\/p>\n\n\n\n<div style=\"height:30px\" aria-hidden=\"true\" class=\"wp-block-spacer\"><\/div>\n\n\n\n<h5 class=\"wp-block-heading has-text-align-left\"><strong>1. Poursuivre les \u00e9tudes de cas<\/strong><\/h5>\n\n\n\n<p class=\"has-text-align-left\">Nous devons continuer \u00e0 explorer des \u00e9tudes de cas pour codifier efficacement l&#8217;apprentissage avec les jeunes, et nous avons besoin d&#8217;entendre directement les \u00e9tudiants. Nous invitons les \u00e9tablissements d&#8217;enseignement, les d\u00e9cideurs politiques et les organismes internationaux \u00e0 nous rejoindre dans cette aventure. En nous engageant v\u00e9ritablement aupr\u00e8s des jeunes, en les \u00e9coutant et en concevant avec eux, nous pouvons transformer le paysage \u00e9ducatif pour qu&#8217;il soit plus inclusif et adapt\u00e9 aux d\u00e9fis locaux et mondiaux.<\/p>\n\n\n\n<div style=\"height:40px\" aria-hidden=\"true\" class=\"wp-block-spacer\"><\/div>\n\n\n\n<h5 class=\"wp-block-heading\"><strong>2. Participez au d\u00e9fi de conception des jeunes de Plan\u00e8te \u00e9ducative<\/strong><\/h5>\n\n\n\n<div style=\"height:20px\" aria-hidden=\"true\" class=\"wp-block-spacer\"><\/div>\n\n\n\n<p>En septembre prochain, nous lancerons la deuxi\u00e8me \u00e9dition du <a href=\"https:\/\/www.learning-planet.org\/action-group\/youth-empowerment\/learning-planet-youth-design-challenge\/\" target=\"_blank\" rel=\"noopener\">Learning Planet Youth Design Challenge<\/a>, \u00e0 l&#8217;occasion du <a href=\"https:\/\/www.un.org\/en\/summit-of-the-future\" target=\"_blank\" rel=\"noopener\">Sommet pour l&#8217;avenir de l&#8217;Assembl\u00e9e g\u00e9n\u00e9rale des Nations Unies<\/a> \u00e0 New York. Ce d\u00e9fi mondial annuel encourage les \u00e9tudiants \u00e2g\u00e9s de 15 \u00e0 26 ans \u00e0 proposer des programmes d&#8217;apprentissage pour des universit\u00e9s du futur florissantes, engag\u00e9es et durables.<\/p>\n\n\n\n<div style=\"height:40px\" aria-hidden=\"true\" class=\"wp-block-spacer\"><\/div>\n\n\n\n<p><a href=\"https:\/\/www.linkedin.com\/in\/daniel-persky\/\" target=\"_blank\" rel=\"noopener\"><strong>Daniel<\/strong> <strong>Persky<\/strong><\/a>, <strong>14 ans, \u00c9tats-Unis<\/strong>, finaliste du Youth Design Challenge, a partag\u00e9 son point de vue :<\/p>\n\n\n\n<blockquote class=\"wp-block-quote is-layout-flow wp-block-quote-is-layout-flow\">\n<p><em>Il est tr\u00e8s important de donner aux jeunes les connaissances et les outils n\u00e9cessaires pour contribuer \u00e0 notre avenir. C&#8217;est en partie ce que j&#8217;essaie de faire avec mon propre projet dans le cadre du d\u00e9fi de conception universitaire.<\/em><\/p>\n<\/blockquote>\n\n\n\n<div style=\"height:25px\" aria-hidden=\"true\" class=\"wp-block-spacer\"><\/div>\n\n\n\n<p><strong><a href=\"https:\/\/www.linkedin.com\/in\/pearl-oriele-perumal-60a16a1b5\/\" target=\"_blank\" rel=\"noopener\">Pearl Perumal<\/a>, 26 ans, Afrique du Sud<\/strong>, laur\u00e9ate du premier concours de design pour la jeunesse, a ajout\u00e9 : &#8220;Le concours de design pour la jeunesse est transformateur :<\/p>\n\n\n\n<blockquote class=\"wp-block-quote is-layout-flow wp-block-quote-is-layout-flow\">\n<p><em>Le D\u00e9fi de la conception pour la jeunesse est transformateur. Il offre aux jeunes un espace et une plateforme pour d\u00e9velopper la conscience de soi, la conscience plan\u00e9taire et des projets durables qui s&#8217;adressent aux g\u00e9n\u00e9rations actuelles et futures.<\/em><\/p>\n<\/blockquote>\n\n\n\n<div style=\"height:40px\" aria-hidden=\"true\" class=\"wp-block-spacer\"><\/div>\n\n\n\n<p class=\"has-text-align-center\"><\/p>\n\n\n\n<div style=\"height:60px\" aria-hidden=\"true\" class=\"wp-block-spacer\"><\/div>\n\n\n\n<hr class=\"wp-block-separator has-alpha-channel-opacity\"\/>\n\n\n\n<div style=\"height:35px\" aria-hidden=\"true\" class=\"wp-block-spacer\"><\/div>\n\n\n\n<p>Pour plus d&#8217;informations sur la mani\u00e8re de participer \u00e0 l&#8217;aventure : visitez notre site web<a href=\"https:\/\/www.learning-planet.org\/action-group\/youth-empowerment\/learning-planet-youth-design-challenge\/\"> Learning Planet Youth Design Challenge<\/a> <\/p>\n\n\n\n<div style=\"height:15px\" aria-hidden=\"true\" class=\"wp-block-spacer\"><\/div>\n\n\n\n<p class=\"has-text-align-left\">Pour plus d&#8217;informations sur nos activit\u00e9s et notre communaut\u00e9, <a href=\"http:\/\/www.learningplanetinstitute.org\/en\/subscribe-to-our-newsletter\/\" target=\"_blank\" rel=\"noopener\">abonnez-vous \u00e0 la newsletter de l&#8217;Institut Learning Planet<\/a> et\/ou suivez-nous sur nos m\u00e9dias sociaux<a href=\"https:\/\/www.linkedin.com\/school\/learningplanetinstitute\/mycompany\/\" target=\"_blank\" rel=\"noopener\">(LinkedIn<\/a>, <a href=\"https:\/\/www.instagram.com\/lpiparis\/\" target=\"_blank\" rel=\"noopener\">Instagram<\/a>, <a href=\"https:\/\/www.facebook.com\/lpiparis\" target=\"_blank\" rel=\"noopener\">Facebook<\/a>, <a href=\"https:\/\/twitter.com\/lpiparis_\" target=\"_blank\" rel=\"noopener\">X<\/a> et <a href=\"https:\/\/www.youtube.com\/channel\/UCAwnYwPOM-fcJ7wkfp1Xn7g\" target=\"_blank\" rel=\"noopener\">YouTube<\/a>).<\/p>\n\n\n\n<p><\/p>\n\n\n\n<div style=\"height:25px\" aria-hidden=\"true\" class=\"wp-block-spacer\"><\/div>\n\n\n\n<hr class=\"wp-block-separator has-alpha-channel-opacity\"\/>\n\n\n\n<div style=\"height:40px\" aria-hidden=\"true\" class=\"wp-block-spacer\"><\/div>\n\n\n\n<p class=\"has-text-align-center\">Cette publication s&#8217;inscrit dans le cadre de la <a href=\"http:\/\/www.learningplanetinstitute.org\/la-chaire-sciences-de-lapprendre\/\"><strong>Chaire UNESCO &#8221; Sciences de l&#8217;apprendre &#8220;,<\/strong><\/a> \u00e9tablie entre l&#8217;UNESCO et Universit\u00e9 Paris Cit\u00e9, en partenariat avec le Learning Planet Institute. Les id\u00e9es et opinions exprim\u00e9es dans cette publication sont celles des auteurs. Elles ne repr\u00e9sentent pas n\u00e9cessairement les vues de l&#8217;UNESCO et n&#8217;engagent en rien l&#8217;Organisation.<\/p>\n\n\n\n<div style=\"height:70px\" aria-hidden=\"true\" class=\"wp-block-spacer\"><\/div>\n\n\n\n<p class=\"has-text-align-left\"><\/p>\n","protected":false},"excerpt":{"rendered":"<p>On July 22, 2024, the UNESCO Chair on Learning Sciences at the Learning Planet Institute hosted a vibrant online roundtable titled &#8220;Co-Designing the Future of Learning with Youth.&#8221;<\/p>\n","protected":false},"author":8,"featured_media":1643,"comment_status":"open","ping_status":"open","sticky":false,"template":"","format":"standard","meta":{"_acf_changed":false,"_seopress_robots_primary_cat":"","_seopress_titles_title":"","_seopress_titles_desc":"","_seopress_robots_index":"","footnotes":""},"categories":[25,26],"tags":[43,62,24,67],"class_list":["post-1637","post","type-post","status-publish","format-standard","has-post-thumbnail","hentry","category-education","category-international","tag-learningplanet-alliance","tag-chaire-unesco","tag-learning-planet-academy","tag-youth-design-challenge"],"acf":[],"meta_box":[],"_links":{"self":[{"href":"https:\/\/www.learningplanetinstitute.org\/fr\/wp-json\/wp\/v2\/posts\/1637","targetHints":{"allow":["GET"]}}],"collection":[{"href":"https:\/\/www.learningplanetinstitute.org\/fr\/wp-json\/wp\/v2\/posts"}],"about":[{"href":"https:\/\/www.learningplanetinstitute.org\/fr\/wp-json\/wp\/v2\/types\/post"}],"author":[{"embeddable":true,"href":"https:\/\/www.learningplanetinstitute.org\/fr\/wp-json\/wp\/v2\/users\/8"}],"replies":[{"embeddable":true,"href":"https:\/\/www.learningplanetinstitute.org\/fr\/wp-json\/wp\/v2\/comments?post=1637"}],"version-history":[{"count":0,"href":"https:\/\/www.learningplanetinstitute.org\/fr\/wp-json\/wp\/v2\/posts\/1637\/revisions"}],"wp:featuredmedia":[{"embeddable":true,"href":"https:\/\/www.learningplanetinstitute.org\/fr\/wp-json\/wp\/v2\/media\/1643"}],"wp:attachment":[{"href":"https:\/\/www.learningplanetinstitute.org\/fr\/wp-json\/wp\/v2\/media?parent=1637"}],"wp:term":[{"taxonomy":"category","embeddable":true,"href":"https:\/\/www.learningplanetinstitute.org\/fr\/wp-json\/wp\/v2\/categories?post=1637"},{"taxonomy":"post_tag","embeddable":true,"href":"https:\/\/www.learningplanetinstitute.org\/fr\/wp-json\/wp\/v2\/tags?post=1637"}],"curies":[{"name":"wp","href":"https:\/\/api.w.org\/{rel}","templated":true}]}}