{"id":766,"date":"2021-09-29T06:50:46","date_gmt":"2021-09-29T04:50:46","guid":{"rendered":"https:\/\/lpinstitute.dev.onpressidium.com\/news\/6154290b5ef620fcaaf26e4c\/"},"modified":"2025-11-06T19:08:06","modified_gmt":"2025-11-06T18:08:06","slug":"formation-danimateurs-profs-chercheurs-candidatez","status":"publish","type":"post","link":"https:\/\/www.learningplanetinstitute.org\/fr\/news\/formation-danimateurs-profs-chercheurs-candidatez\/","title":{"rendered":"Formation d\u2019animateurs Profs-Chercheurs &#8211; candidatez !"},"content":{"rendered":"<h1 id=\"formation-d%E2%80%99animateurs-profs-chercheurscandidatez\"><strong>Formation d\u2019animateurs Profs-Chercheurs &#8211; candidatez !<\/strong><\/h1>\n<p>Comment accompagner les \u00e9l\u00e8ves dans la gestion de leurs \u00e9motions ? Comment enseigner de nouvelles notions \u00e0 distance ? Comment animer un collectif apprenant pour relever ces d\u00e9fis ?<br \/><a href=\"https:\/\/profschercheurs.projets.app\/repo\/5ef9ec4421fcd276e968abe2\" rel=\"noopener nofollow\">D\u00e9couvrez ces d\u00e9fis et bien d\u2019autres ici !<\/a><\/p>\n<p>Pour en savoir plus, visitez <a href=\"https:\/\/profschercheurs.cri-paris.org\/formation\" rel=\"noopener nofollow\">profschercheurs.cri-paris.org\/formation<\/a><\/p>\n<p>Depuis Septembre 2019, l\u2019\u00e9quipe de recherche <em>Profs-Chercheurs<\/em> du Centre de Recherches Interdisciplinaires (CRI) accompagne des communaut\u00e9s en France (et au-del\u00e0) dans l\u2019exploration de solutions \u00e0 de nombreux d\u00e9fis de l\u2019\u00e9ducation via une <strong>d\u00e9marche de recherche collaborative<\/strong>.<\/p>\n<p>Chaque communaut\u00e9 r\u00e9unit r\u00e9guli\u00e8rement des acteurs de l&#8217;\u00e9ducation faisant face \u00e0 des d\u00e9fis communs, et les accompagne \u00e0 suivre une d\u00e9marche de recherche collaborative pour les relever. Toutes les communaut\u00e9s font partie d&#8217;un m\u00eame grand collectif &#8211; le collectif Profs-Chercheurs &#8211; au sein duquel elles collaborent, coop\u00e8rent et mutualisent leurs r\u00e9sultats.<\/p>\n<p><a href=\"https:\/\/profschercheurs.cri-paris.org\/en\/communautes#02._liste-des-communautes\" rel=\"noopener nofollow\">D\u00e9couvrez toutes nos communaut\u00e9s ici !<\/a><\/p>\n<p>Vous souhaitez d\u00e9velopper votre propre communaut\u00e9 Profs-Chercheurs ? Vous avez un projet, une id\u00e9e de communaut\u00e9 ? <strong>Alors, la formation d\u2019animateurs de communaut\u00e9<\/strong> <strong>Profs-Chercheurs est faite pour vous !<\/strong><\/p>\n<p>En devenant animateur de communaut\u00e9 Profs-Chercheurs, vous :<\/p>\n<ul>\n<li>aurez v\u00e9cu et assimil\u00e9 la d\u00e9marche Profs-Chercheurs ;<\/li>\n<li>serez capable de cr\u00e9er, g\u00e9rer et piloter une communaut\u00e9 Profs-Chercheurs ;<\/li>\n<li>saurez animer un atelier suivant la d\u00e9marche Profs-Chercheurs.<\/li>\n<\/ul>\n<h3 id=\"quand\"><strong>Quand ?<\/strong><\/h3>\n<p>Cette formation consiste en 4 modules de 3h30 sur 4 semaines, et aura lieu les mercredi matin (9h-12h30) les 10 Novembre, 17 Novembre, 24 Novembre, et 01 D\u00e9cembre.<\/p>\n<h3 id=\"o%C3%B9\"><strong>O\u00f9 ?<\/strong><\/h3>\n<p>O\u00f9 vous le souhaitez et pouvez, en ligne !<\/p>\n<h3 id=\"comment-s%E2%80%99inscrire\"><strong>Comment s\u2019inscrire ?<\/strong><\/h3>\n<p>Le nombre de places \u00e9tant limit\u00e9, nous faisons un appel \u00e0 candidatures. Les candidatures seront ouvertes du 27 Septembre au 14 Octobre 18h, et les r\u00e9sultats seront communiqu\u00e9s le 15 Octobre.<\/p>\n<p>Pour candidater, r\u00e9pondez \u00e0 <strong><a href=\"https:\/\/docs.google.com\/forms\/d\/e\/1FAIpQLSe05a4ssIRnge3KA7mUyLvtE1lHLLmDD2CGAXP3KkJ07OoMpQ\/viewform?usp=sf_link\" rel=\"noopener nofollow\">ce formulaire<\/a><\/strong>. Vous aurez \u00e0 partager votre exp\u00e9rience \u00e9ventuelle dans l\u2019animation de communaut\u00e9 et votre projet ou id\u00e9e de projet de communaut\u00e9.<\/p>\n<p>Le seul pr\u00e9requis \u00e0 la candidature est d\u2019avoir particip\u00e9 \u00e0 au moins de nos ateliers collaboratifs. Pour cela, nous vous proposons des ateliers ouverts tous les mercredi 14h-16h (<a href=\"https:\/\/profschercheurs.cri-paris.org\/contribuer\" rel=\"noopener nofollow\">inscriptions ici<\/a>), ou bien nous vous invitons \u00e0 vous approcher d\u2019une de nos nombreuses <a href=\"https:\/\/profschercheurs.cri-paris.org\/communautes\" rel=\"noopener nofollow\">communaut\u00e9s actives<\/a>.<\/p>\n<h3 id=\"pour-le-personnel-de-l%E2%80%99%C3%A9ducation-nationale-un-soutien-institutionnel\"><strong>Pour le personnel de l\u2019\u00e9ducation nationale, un soutien institutionnel<\/strong><\/h3>\n<p>Cette formation b\u00e9n\u00e9ficie du soutien institutionnel de l&#8217;Acad\u00e9mie de Montpellier par la mission acad\u00e9mique \u201cD\u00e9veloppement de la coop\u00e9ration\u201d et la DAFPEN.<\/p>\n<ul>\n<li>Pour les participants de l&#8217;Acad\u00e9mie de Montpellier, vous recevrez un ordre de mission pour participer \u00e0 cette formation.<\/li>\n<li>Pour les participants d\u2019autres Acad\u00e9mies, vous recevrez une lettre d&#8217;invitation communiqu\u00e9e par voie hi\u00e9rarchique par la DAFPEN de Montpellier, que vous pourrez proposer pour acceptation \u00e0 votre sup\u00e9rieur.e hi\u00e9rarchique.<\/li>\n<\/ul>\n<h3 id=\"vous-avez-des-questions-etou-souhaitez-b%C3%A9n%C3%A9ficier-d%E2%80%99un-accompagnement-pour-candidater\"><strong>Vous avez des questions et\/ou souhaitez b\u00e9n\u00e9ficier d\u2019un accompagnement pour candidater ?<\/strong><\/h3>\n<p>Rejoignez-nous lors de notre matin\u00e9e d\u2019information \/ cr\u00e9ation de projet \/ aide \u00e0 candidature le <strong>Mercredi 6 Octobre 9h-12h.<\/strong><\/p>\n<p><a href=\"https:\/\/events.cri-paris.org\/e\/54\/formation-danimateurs-de-communaute-profs-chercheurs-information-et-aide-a-candidature\" rel=\"noopener nofollow\">Inscrivez-vous en suivant ce lien.<\/a><br \/>Ou contactez-nous \u00e0 profschercheurs@cri-paris.org.<\/p>\n","protected":false},"excerpt":{"rendered":"<p>Vous souhaitez d\u00e9velopper votre propre communaut\u00e9 Profs-Chercheurs ? Vous avez un projet, une id\u00e9e de communaut\u00e9 ?<\/p>\n","protected":false},"author":5,"featured_media":767,"comment_status":"closed","ping_status":"closed","sticky":false,"template":"","format":"standard","meta":{"_acf_changed":false,"_seopress_robots_primary_cat":"","_seopress_titles_title":"","_seopress_titles_desc":"","_seopress_robots_index":"","footnotes":""},"categories":[26,20],"tags":[],"class_list":["post-766","post","type-post","status-publish","format-standard","has-post-thumbnail","hentry","category-international","category-rd"],"acf":[],"meta_box":[],"_links":{"self":[{"href":"https:\/\/www.learningplanetinstitute.org\/fr\/wp-json\/wp\/v2\/posts\/766","targetHints":{"allow":["GET"]}}],"collection":[{"href":"https:\/\/www.learningplanetinstitute.org\/fr\/wp-json\/wp\/v2\/posts"}],"about":[{"href":"https:\/\/www.learningplanetinstitute.org\/fr\/wp-json\/wp\/v2\/types\/post"}],"author":[{"embeddable":true,"href":"https:\/\/www.learningplanetinstitute.org\/fr\/wp-json\/wp\/v2\/users\/5"}],"replies":[{"embeddable":true,"href":"https:\/\/www.learningplanetinstitute.org\/fr\/wp-json\/wp\/v2\/comments?post=766"}],"version-history":[{"count":0,"href":"https:\/\/www.learningplanetinstitute.org\/fr\/wp-json\/wp\/v2\/posts\/766\/revisions"}],"wp:featuredmedia":[{"embeddable":true,"href":"https:\/\/www.learningplanetinstitute.org\/fr\/wp-json\/wp\/v2\/media\/767"}],"wp:attachment":[{"href":"https:\/\/www.learningplanetinstitute.org\/fr\/wp-json\/wp\/v2\/media?parent=766"}],"wp:term":[{"taxonomy":"category","embeddable":true,"href":"https:\/\/www.learningplanetinstitute.org\/fr\/wp-json\/wp\/v2\/categories?post=766"},{"taxonomy":"post_tag","embeddable":true,"href":"https:\/\/www.learningplanetinstitute.org\/fr\/wp-json\/wp\/v2\/tags?post=766"}],"curies":[{"name":"wp","href":"https:\/\/api.w.org\/{rel}","templated":true}]}}