{"id":856,"date":"2022-01-13T07:30:00","date_gmt":"2022-01-13T06:30:00","guid":{"rendered":"https:\/\/lpinstitute.dev.onpressidium.com\/news\/et-si-nous-une-plateforme-collaborative\/"},"modified":"2025-11-06T18:24:23","modified_gmt":"2025-11-06T17:24:23","slug":"et-si-nous-une-plateforme-collaborative","status":"publish","type":"post","link":"https:\/\/www.learningplanetinstitute.org\/fr\/news\/et-si-nous-une-plateforme-collaborative\/","title":{"rendered":"&#8220;Et si nous&#8221;, une plateforme collaborative pour relever les d\u00e9fis du XXI\u00e8me si\u00e8cle"},"content":{"rendered":"\n<p><strong>Lancement de la plateforme collaborative &#8220;Et si nous&#8221;, un espace num\u00e9rique de d\u00e9couvertes et de partages pour une soci\u00e9t\u00e9 apprenante. <\/strong><\/p>\n\n\n\n<p>&#8220;Et si nous&#8221; est <a href=\"https:\/\/etsinous.learningplanetinstitute.org\/?pg=1639561430706x448598264888688640\">une plateforme collaborative<\/a> n\u00e9e de la conviction qu&#8217;une soci\u00e9t\u00e9 apprenante est une soci\u00e9t\u00e9 qui partage et qui grandit par l&#8217;intelligence collective. Faire face aux d\u00e9fis de notre temps, oui, mais ensemble. Avec la formule &#8220;et si nous&#8221;, les cr\u00e9ateurs de la plateforme invitent et interpellent membres et visiteurs \u00e0 s\u2019engager et agir ensemble pour des futurs souhaitables.<\/p>\n\n\n<div class=\"wp-block-image kg-card kg-image-card kg-width-wide kg-card-hascaption\">\n<figure class=\"aligncenter\"><a href=\"https:\/\/etsinous.learningplanetinstitute.org\/?pg=1639561430706x448598264888688640\"><img decoding=\"async\" src=\"http:\/\/www.learningplanetinstitute.org\/wp-content\/uploads\/2025\/10\/capture-d-e-cran-2022-01-12-a-183422.png\" alt=\"#etsinous - Plateforme collaborative &quot;Et si nous&quot;\" class=\"wp-image-545\"\/><\/a><figcaption class=\"wp-element-caption\">#etsinous &#8211; Plateforme collaborative <a href=\"https:\/\/etsinous.learningplanetinstitute.org\/?pg=1639561430706x448598264888688640\">&#8220;Et si nous&#8221;<\/a><\/figcaption><\/figure>\n<\/div>\n\n\n<p>Lanc\u00e9e par le Learning Planet Institute, cette plateforme est un espace de partage et de collaboration. C&#8217;est le lieu et l&#8217;outil o\u00f9 chacun\u00b7e peut partager ses interrogations, ses d\u00e9couvertes, ses interrogations et aspirations pour construire un monde plus juste, plus \u00e9quitable, plus durable<\/p>\n\n\n\n<blockquote class=\"wp-block-quote is-layout-flow wp-block-quote-is-layout-flow\">\n<p>&#8220;C&#8217;est dans la nature humaine de coop\u00e9rer et d&#8217;inventer des solutions.&#8221;, Fran\u00e7ois Taddei<\/p>\n<\/blockquote>\n\n\n\n<p>Inspir\u00e9e des <a href=\"news\/debat-et-si-nous-et-nos-societes-entrions-dans-nos-secondes-vies\/\">\u00e9crits<\/a> de Fran\u00e7ois Taddei &#8211; fondateur et directeur du Learning Planet Institute &#8211; la plateforme &#8220;et si nous&#8221; arbore 6 th\u00e9matiques enrichies de contenus diversifi\u00e9s partag\u00e9s par les membres, et des <strong>d\u00e9fis<\/strong> que chacun\u00b7e peut s&#8217;approprier et relever. Dans toutes les th\u00e9matiques &#8211; <strong>la jeunesse, l&#8217;\u00e9ducation, le soin de soi, le soin des autres, la citoyennet\u00e9 et les communaut\u00e9s, et enfin l&#8217;environnement<\/strong> &#8211; les membres b\u00e9n\u00e9ficient de ressources bibliographiques port\u00e9es par les autres membres : podcasts, articles, vid\u00e9os, blog, sites web, \u00e9v\u00e9nements&#8230; Et pour chaque d\u00e9fi, les contributeurs \u00e9changent leur exp\u00e9rience.<\/p>\n\n\n<div class=\"wp-block-image kg-card kg-image-card kg-card-hascaption\">\n<figure class=\"aligncenter size-full\"><img alt=\"\" loading=\"lazy\" decoding=\"async\" width=\"1366\" height=\"537\" src=\"http:\/\/www.learningplanetinstitute.org\/wp-content\/uploads\/2022\/01\/capture-decran-2022-01-12-a-18.40.27.jpg\" alt=\"\" class=\"wp-image-3220\" srcset=\"https:\/\/www.learningplanetinstitute.org\/wp-content\/uploads\/2022\/01\/capture-decran-2022-01-12-a-18.40.27.jpg 1366w, https:\/\/www.learningplanetinstitute.org\/wp-content\/uploads\/2022\/01\/capture-decran-2022-01-12-a-18.40.27-480x189.jpg 480w, https:\/\/www.learningplanetinstitute.org\/wp-content\/uploads\/2022\/01\/capture-decran-2022-01-12-a-18.40.27-768x302.jpg 768w, https:\/\/www.learningplanetinstitute.org\/wp-content\/uploads\/2022\/01\/capture-decran-2022-01-12-a-18.40.27-992x390.jpg 992w\" sizes=\"auto, (max-width: 1366px) 100vw, 1366px\" \/><figcaption class=\"wp-element-caption\">Th\u00e9matiques &#8211; Plateforme collaborative <a href=\"https:\/\/etsinous.learningplanetinstitute.org\/?pg=1639561430706x448598264888688640\">&#8220;Et si nous&#8221;<\/a><\/figcaption><\/figure>\n<\/div>\n\n\n<p>Cr\u00e9ez d\u00e8s maintenant votre profil et partagez vos propres inspirations, r\u00e9flexions et aspirations avec les membres de la communaut\u00e9 \u00e0 l\u2019aide du hashtag #etsinous !<\/p>\n\n\n\n<blockquote class=\"wp-block-quote is-layout-flow wp-block-quote-is-layout-flow\">\n<p><a href=\"https:\/\/etsinous.learningplanetinstitute.org\/?pg=1639561430706x448598264888688640\">Plateforme \u201cEt si nous\u201d<\/a><\/p>\n<\/blockquote>\n\n\n\n<p>Cette premi\u00e8re version de la plateforme \u201cEt si nous\u201d a vocation \u00e0 \u00e9voluer avec sa communaut\u00e9, tant en termes de contenus que de fonctionnalit\u00e9s, pour ouvrir de nouvelles perspectives de discussions et d\u2019interactivit\u00e9.<\/p>\n\n\n\n<hr class=\"wp-block-separator has-alpha-channel-opacity\"\/>\n\n\n\n<p><strong>Pour aller plus loin<\/strong><\/p>\n\n\n\n<ul class=\"wp-block-list\">\n<li>D\u00e9couvrez le nouveau livre de Fran\u00e7ois Taddei, &#8220;Et si nous ?&#8221; (Calmann-L\u00e9vy, 2022) :<\/li>\n<\/ul>\n\n\n<div class=\"wp-block-image kg-card kg-image-card kg-card-hascaption\">\n<figure class=\"aligncenter\"><a href=\"https:\/\/calmann-levy.fr\/livre\/et-si-nous-9782702183663\"><img decoding=\"async\" src=\"http:\/\/www.learningplanetinstitute.org\/wp-content\/uploads\/2025\/10\/capture-d-e-cran-2022-01-13-a-091450-1.png\" alt=\"Maquette: olo.\u00e9ditions - illustrations : d\u2019apr\u00e8s \u00a9 hobbit\/Shutterstock Photo de l\u2019auteur : \u00a9 Pascale Lourmand\/Calmann-L\u00e9vy\" class=\"wp-image-547\"\/><\/a><figcaption class=\"wp-element-caption\">&#8220;Et si nous ?&#8221;, de Fran\u00e7ois Taddei (Calmann-L\u00e9vy, 2022)<\/figcaption><\/figure>\n<\/div>\n\n\n<ul class=\"wp-block-list\">\n<li><a href=\"https:\/\/theconversation.com\/et-si-nous-avions-des-debats-constructifs-168595\">Et si nous avions des d\u00e9bats constructifs ?<\/a>, Fran\u00e7ois Taddei (The Conversation France, janvier 2022)<\/li>\n\n\n\n<li><a href=\"https:\/\/theconversation.com\/debat-et-si-nous-et-nos-societes-entrions-dans-nos-secondes-vies-168594\">D\u00e9bat : Et si nous et nos soci\u00e9t\u00e9s entrions dans nos &#8220;secondes vies&#8221; ?<\/a>, Fran\u00e7ois Taddei (The Conversation France, janvier 2022)<\/li>\n\n\n\n<li><a href=\"https:\/\/theconversation.com\/debat-et-si-nous-construisions-nos-propres-pantheons-168593\">Et si nous construisions nos propres panth\u00e9ons ?<\/a>, Fran\u00e7ois Taddei (The Conversation France, novembre 2021)<\/li>\n\n\n\n<li><a href=\"news\/et-si-nous-faisions-des-jeunes-les-premiers-citoyens-de-la-planete\/\">Et si nous faisions des jeunes les premiers citoyens de la plan\u00e8te ?<\/a>, Fran\u00e7ois Taddei (The Conversation France, novembre 2021)<\/li>\n\n\n\n<li><a href=\"https:\/\/theconversation.com\/debat-et-si-lon-considerait-les-jeunes-comme-des-citoyens-de-leducation-146439\">D\u00e9bat : Et si l&#8217;on consid\u00e9rait les jeunes comme des citoyens de l&#8217;\u00e9ducation ?<\/a>, Fran\u00e7ois Taddei (The Conversation France, septembre 2020)<\/li>\n<\/ul>\n\n\n\n<p>&nbsp;<\/p>\n","protected":false},"excerpt":{"rendered":"<p>Lancement de la plateforme collaborative &#8220;Et si nous&#8221;, un espace num\u00e9rique de d\u00e9couvertes et de partages pour une soci\u00e9t\u00e9 apprenante.<\/p>\n","protected":false},"author":8,"featured_media":860,"comment_status":"open","ping_status":"open","sticky":false,"template":"","format":"standard","meta":{"_acf_changed":false,"_seopress_robots_primary_cat":"","_seopress_titles_title":"","_seopress_titles_desc":"","_seopress_robots_index":"","footnotes":""},"categories":[22],"tags":[41,21],"class_list":["post-856","post","type-post","status-publish","format-standard","has-post-thumbnail","hentry","category-institutional","tag-francois-taddei","tag-publication"],"acf":[],"meta_box":[],"_links":{"self":[{"href":"https:\/\/www.learningplanetinstitute.org\/fr\/wp-json\/wp\/v2\/posts\/856","targetHints":{"allow":["GET"]}}],"collection":[{"href":"https:\/\/www.learningplanetinstitute.org\/fr\/wp-json\/wp\/v2\/posts"}],"about":[{"href":"https:\/\/www.learningplanetinstitute.org\/fr\/wp-json\/wp\/v2\/types\/post"}],"author":[{"embeddable":true,"href":"https:\/\/www.learningplanetinstitute.org\/fr\/wp-json\/wp\/v2\/users\/8"}],"replies":[{"embeddable":true,"href":"https:\/\/www.learningplanetinstitute.org\/fr\/wp-json\/wp\/v2\/comments?post=856"}],"version-history":[{"count":0,"href":"https:\/\/www.learningplanetinstitute.org\/fr\/wp-json\/wp\/v2\/posts\/856\/revisions"}],"wp:featuredmedia":[{"embeddable":true,"href":"https:\/\/www.learningplanetinstitute.org\/fr\/wp-json\/wp\/v2\/media\/860"}],"wp:attachment":[{"href":"https:\/\/www.learningplanetinstitute.org\/fr\/wp-json\/wp\/v2\/media?parent=856"}],"wp:term":[{"taxonomy":"category","embeddable":true,"href":"https:\/\/www.learningplanetinstitute.org\/fr\/wp-json\/wp\/v2\/categories?post=856"},{"taxonomy":"post_tag","embeddable":true,"href":"https:\/\/www.learningplanetinstitute.org\/fr\/wp-json\/wp\/v2\/tags?post=856"}],"curies":[{"name":"wp","href":"https:\/\/api.w.org\/{rel}","templated":true}]}}