{"id":867,"date":"2022-01-31T09:40:46","date_gmt":"2022-01-31T08:40:46","guid":{"rendered":"https:\/\/lpinstitute.dev.onpressidium.com\/news\/etsinousavionsdesdebatsconstructifs\/"},"modified":"2026-01-12T11:07:59","modified_gmt":"2026-01-12T10:07:59","slug":"etsinousavionsdesdebatsconstructifs","status":"publish","type":"post","link":"https:\/\/www.learningplanetinstitute.org\/fr\/news\/etsinousavionsdesdebatsconstructifs\/","title":{"rendered":"Et si nous avions des d\u00e9bats constructifs ?"},"content":{"rendered":"<h1><\/h1>\n<p><strong>Article \u00e9crit par <a href=\"https:\/\/fr.wikipedia.org\/wiki\/Fran%C3%A7ois_Taddei\">Fran\u00e7ois Taddei<\/a> et <a href=\"https:\/\/theconversation.com\/profiles\/marie-cecile-naves-190001\">Marie-C\u00e9cile Naves<\/a>, publi\u00e9 pour la premi\u00e8re fois dans <a href=\"https:\/\/theconversation.com\/et-si-nous-construisions-nos-propres-pantheons-168593\">The Conversation<\/a>.<\/strong><\/p>\n<p>L\u2019extraordinaire synchronisation de nos exp\u00e9riences due \u00e0 la pand\u00e9mie favorise une prise de conscience globale de <a href=\"https:\/\/theconversation.com\/fr\/topics\/penser-lapres-85546\">l\u2019urgence de nous r\u00e9inventer<\/a> et nous offre l\u2019opportunit\u00e9 de transformer nos modes d\u2019organisation. Cela suppose, en amont comme en aval des d\u00e9cisions politiques, de partager et d\u2019\u00e9changer, et donc d\u2019offrir les conditions n\u00e9cessaires \u00e0 des conversations citoyennes constructives.<br \/>\n\u00ab L\u2019autorit\u00e9, c\u2019est celle qui grandit l\u2019autre \u00bb, <a href=\"https:\/\/www.lepoint.fr\/societe\/michel-serres-la-seule-autorite-possible-est-fondee-sur-la-competence-21-09-2012-1509004_23.php\">selon Michel Serres<\/a>. Un d\u00e9bat qui fait autorit\u00e9, c\u2019est donc un d\u00e9bat qui fait grandir.<\/p>\n<p>Or, ce qui nous est donn\u00e9 \u00e0 voir, \u00e0 trois mois de la pr\u00e9sidentielle fran\u00e7aise, c\u2019est la pauvret\u00e9 persistante du d\u00e9bat politique. La fascination renouvel\u00e9e pour les id\u00e9es excluantes, pessimistes, nostalgiques ne se d\u00e9ment pas. Des tentatives racoleuses de diversion par rapport aux grands d\u00e9fis de notre \u00e9poque se multiplient. <a href=\"https:\/\/www.lemonde.fr\/idees\/article\/2022\/01\/14\/ces-ideologues-neoreactionnaires-qui-refusent-l-avenement-du-nouveau-monde_6109413_3232.html\">Comme s\u2019il \u00e9tait possible de conjurer<\/a> les demandes sociales et les grands bouleversements anthropologiques et \u00e9cologiques amplifi\u00e9s par la pand\u00e9mie.<\/p>\n<p>Aux tentations autoritaires qui s\u2019efforcent de r\u00e9duire le r\u00f4le des corps interm\u00e9diaires et des contre-pouvoirs et de disqualifier les savoirs critiques et la science, s\u2019ajoute, en d\u00e9mocratie, la d\u00e9fense crisp\u00e9e des postes de pouvoir. Chaque jour prend corps le risque d\u2019une disparition progressive des possibilit\u00e9s du d\u00e9bat d\u00e9mocratique, au profit d\u2019une banalisation de la pol\u00e9mique, de l\u2019injure, du mensonge.<\/p>\n<p>Puisque la d\u00e9mocratie est une \u00ab forme de vie \u00bb, <a href=\"https:\/\/www.cairn.info\/revue-multitudes-2018-2-page-157.htm\">comme le dit la philosophe Sandra Laugier<\/a>, puisque la confiscation de la parole est mortif\u00e8re, il est essentiel de se battre pour pr\u00e9server des lieux de dialogue et d\u00e9fendre les formats favorisant l\u2019\u00e9coute r\u00e9ciproque et l\u2019expression de r\u00e9cits fond\u00e9s sur des registres divers de comp\u00e9tences. Entendre ce qu\u2019individus et groupes ont \u00e0 proposer comme agenda commun suppose de b\u00e2tir une soci\u00e9t\u00e9 apprenante o\u00f9 chacun participe \u00e0 co-construire connaissances et reconnaissances.<\/p>\n<figure class=\"kg-card kg-embed-card\">\n<blockquote class=\"twitter-tweet\">\n<p dir=\"ltr\" lang=\"fr\">&#8220;On ne sortira pas de cette crise seulement gr\u00e2ce aux premiers de cord\u00e9e, mais gr\u00e2ce aux premi\u00e8res de corv\u00e9e et \u00e0 toutes celles et ceux qui se mettent \u00e0 l&#8217;\u00e9coute et au service des autres.&#8221; Fran\u00e7ois Taddei, biologiste<a href=\"https:\/\/t.co\/x0sG3IvnUO\">https:\/\/t.co\/x0sG3IvnUO<\/a><\/p>\n<p>\u2014 France Culture (@franceculture) <a href=\"https:\/\/twitter.com\/franceculture\/status\/1480867159484125187?ref_src=twsrc%5Etfw\">January 11, 2022<\/a><\/p><\/blockquote>\n<p><script async src=\"https:\/\/platform.twitter.com\/widgets.js\" charset=\"utf-8\"><\/script><\/figure>\n<p>Ces derni\u00e8res d\u00e9cennies, sous l\u2019impulsion de mouvements associatifs et de la recherche scientifique, la d\u00e9mocratie s\u2019est \u00e9tendue, gagnant les lieux de socialisation que sont la famille ou encore l\u2019\u00e9cole. Les sph\u00e8res du priv\u00e9 et de l\u2019intime sont devenues politiques. La diversit\u00e9 des exp\u00e9riences, des points de vue, des savoirs et savoir-faire est une richesse dont la d\u00e9lib\u00e9ration politique aurait tort de se passer. Tout le monde, \u00e0 tout \u00e2ge, m\u00e9rite d\u2019\u00eatre vu comme un v\u00e9ritable sujet politique. Comme la d\u00e9mocratie, la citoyennet\u00e9, du local au global, gagne \u00e0 se renouveler.<\/p>\n<h2 id=\"promouvoir-une-citoyennet%C3%A9-fractale\">Promouvoir une citoyennet\u00e9 fractale<\/h2>\n<p>Les fractales ont \u00e9t\u00e9 invent\u00e9es par le math\u00e9maticien franco-am\u00e9ricain <a href=\"https:\/\/fr.wikipedia.org\/wiki\/Beno%C3%AEt_Mandelbrot\">Beno\u00eet Mandelbrot<\/a>. Elles d\u00e9crivent des formes g\u00e9om\u00e9triques identiques, quelle que soit l\u2019\u00e9chelle \u00e0 laquelle on les observe. \u00c0 quoi pourrait ressembler une d\u00e9mocratie fractale ? \u00c0 une d\u00e9mocratie qui pr\u00e9sente le m\u00eame mode de fonctionnement \u00e0 toutes les \u00e9chelles. Elle l\u2019est d\u00e9j\u00e0 en partie. Par son histoire : elle s\u2019est d\u2019abord d\u00e9velopp\u00e9e dans des p\u00e9rim\u00e8tres restreints avant, petit \u00e0 petit, de s\u2019\u00e9tendre, en appliquant \u00e0 des \u00e9chelles toujours plus importantes ses principes fondateurs, et en s\u2019ouvrant \u00e0 un nombre toujours croissant de personnes.<\/p>\n<p><em><em><strong><strong>\u00c0 lire aussi : <a href=\"https:\/\/theconversation.com\/bonnes-feuilles-la-democratie-feministe-reinventer-le-pouvoir-148380\">Bonnes feuilles : \u00ab La d\u00e9mocratie f\u00e9ministe, r\u00e9inventer le pouvoir \u00bb<\/a><\/strong><\/strong><\/em><\/em><\/p>\n<p>Cette \u00e9volution a eu partie li\u00e9e avec celle des modes de communication. Plus on a pu diffuser des informations (et des lois) vite et loin, plus il a \u00e9t\u00e9 possible d\u2019\u00e9tendre le champ d\u00e9mocratique. Mais la possibilit\u00e9 de d\u00e9battre directement restait, elle, tributaire de la taille des forums, de la possibilit\u00e9 physique d\u2019organiser des d\u00e9bats contradictoires. On a d\u00e9battu dans des agoras, des universit\u00e9s, des tribunaux, des salons, des acad\u00e9mies, des conseils, des clubs\u2026<\/p>\n<p>Internet a fait voler en \u00e9clat ces limites en offrant, pour la premi\u00e8re fois de l\u2019histoire, la possibilit\u00e9 d\u2019organiser des d\u00e9bats \u00e0 grande \u00e9chelle, y compris \u00e0 l\u2019international.<\/p>\n<p>En instaurant une \u00ab citoyennet\u00e9 europ\u00e9enne \u00bb, notre continent a effectu\u00e9 un pas important. Il octroie \u00e0 tous les citoyens europ\u00e9ens des droits formul\u00e9s dans la Charte des droits fondamentaux de l\u2019Union europ\u00e9enne.<\/p>\n<figure class=\"kg-card kg-embed-card\">\n<blockquote class=\"twitter-tweet\">\n<p dir=\"ltr\" lang=\"fr\">Les appels \u00e0 transformer l\u2019<a href=\"https:\/\/twitter.com\/hashtag\/%C3%A9ducation?src=hash&amp;ref_src=twsrc%5Etfw\">#\u00e9ducation<\/a> pour mieux r\u00e9pondre aux d\u00e9fis actuels se multiplient. Et si on faisait de l\u2019\u00e9cole un laboratoire d\u2019id\u00e9es ? Article de S\u00e9bastien Claeys (<a href=\"https:\/\/twitter.com\/UtopieNumerique?ref_src=twsrc%5Etfw\">@UtopieNumerique<\/a>), responsable du Master Conseil \u00e9ditorial <a href=\"https:\/\/twitter.com\/LettresSorbonne?ref_src=twsrc%5Etfw\">@LettresSorbonne<\/a> <a href=\"https:\/\/t.co\/SZuAk1ifmD\">https:\/\/t.co\/SZuAk1ifmD<\/a> <a href=\"https:\/\/t.co\/Kc9Jp7Iu5p\">pic.twitter.com\/Kc9Jp7Iu5p<\/a><\/p>\n<p>\u2014 Sorbonne Universit\u00e9 (@Sorbonne_Univ_) <a href=\"https:\/\/twitter.com\/Sorbonne_Univ_\/status\/1470400619366305800?ref_src=twsrc%5Etfw\">December 13, 2021<\/a><\/p><\/blockquote>\n<p><script async src=\"https:\/\/platform.twitter.com\/widgets.js\" charset=\"utf-8\"><\/script><\/figure>\n<p>En revanche, vous pouvez, par conviction, vous d\u00e9clarer \u00ab citoyen du monde \u00bb, mais aucun droit ne sera attach\u00e9 \u00e0 cet \u00e9tat. Et aucune organisation mondiale n\u2019est d\u00e9sign\u00e9e par un suffrage direct. Les Nations unies, par exemple, ne comportent aucune \u00ab chambre des citoyens \u00bb. Du FMI \u00e0 l\u2019OMC en passant par les COP, les grands enjeux \u00e9conomiques, environnementaux et climatiques ne sont pas trait\u00e9s de mani\u00e8re d\u00e9mocratique. Il est grand temps d\u2019enrichir ce syst\u00e8me d\u2019autres modalit\u00e9s d\u2019expression et de prise de d\u00e9cision, \u00e0 toutes les \u00e9chelles.<\/p>\n<h2 id=\"ouvrir-les-consultations\">Ouvrir les consultations<\/h2>\n<p>Premi\u00e8re piste : la constitution d\u2019assembl\u00e9es ad hoc, sur des sujets sp\u00e9cifiques. La France l\u2019a fait avec la convention citoyenne pour le climat. 150 personnes ont \u00e9t\u00e9 tir\u00e9es au sort, repr\u00e9sentatives de la soci\u00e9t\u00e9 fran\u00e7aise, et ont travaill\u00e9 pendant plusieurs mois afin de soumettre des propositions au gouvernement, qui en a repris certaines dans le projet de loi \u00ab portant lutte contre le d\u00e9r\u00e8glement climatique et renforcement de la r\u00e9silience face \u00e0 ses effets \u00bb.<\/p>\n<p><a href=\"https:\/\/www.lemonde.fr\/planete\/article\/2021\/02\/10\/climat-les-propositions-de-la-convention-citoyenne-ont-elles-ete-reprises-par-le-gouvernement_6069467_3244.html\">Selon un d\u00e9compte r\u00e9alis\u00e9 par <em>Le Monde<\/em><\/a>, 78, soit 53 %, ont \u00e9t\u00e9 \u00ab partiellement reprises \u00bb et 18 ont fait l\u2019objet d\u2019une reprise int\u00e9grale. <a href=\"https:\/\/www.lemonde.fr\/idees\/article\/2021\/03\/11\/climat-une-assemblee-citoyenne-mondiale-va-poursuivre-le-travail-de-la-convention-francaise_6072716_3232.html\">Comme le souligne<\/a> la politiste H\u00e9l\u00e8ne Landemore, sp\u00e9cialiste de la d\u00e9mocratie d\u00e9lib\u00e9rative :<\/p>\n<blockquote><p>\u00ab Les 150 citoyens ont rendu des propositions ambitieuses et permis aussi de m\u00e9diatiser les enjeux climatiques : 70 % des Fran\u00e7ais disent aujourd\u2019hui conna\u00eetre ces propositions. \u00bb<\/p><\/blockquote>\n<p>Il serait int\u00e9ressant d\u2019observer l\u2019\u00e9lan port\u00e9 par une telle initiative en vue d\u2019un mouvement plus global : une future assembl\u00e9e citoyenne mondiale sur le climat, par exemple.<\/p>\n<p><em><em><strong><strong>\u00c0 lire aussi : <a href=\"https:\/\/theconversation.com\/lintelligence-collective-au-coeur-des-enjeux-politiques-et-sociaux-169203\">L\u2019intelligence collective au c\u0153ur des enjeux politiques et sociaux<\/a><\/strong><\/strong><\/em><\/em><\/p>\n<p>Deuxi\u00e8me piste, les technologies civiques (<a href=\"https:\/\/theconversation.com\/technology-can-boost-active-citizenship-if-its-chosen-well-61816\">\u00ab civic tech \u00bb<\/a>). Il s\u2019agit de plates-formes num\u00e9riques qui permettent de collecter des donn\u00e9es \u00e0 toutes les \u00e9chelles, y compris tr\u00e8s grandes, d\u2019organiser la confrontation des id\u00e9es, l\u2019\u00e9valuation des propositions et, in fine, d\u2019aider \u00e0 la d\u00e9cision.<\/p>\n<p>Transparentes (open source), des plates-formes comme <a href=\"http:\/\/allourideas.org\/\">All Our Ideas<\/a> ou <a href=\"https:\/\/pol.is\/home\">pol.is<\/a> sont tr\u00e8s faciles \u00e0 utiliser et le sont d\u00e9j\u00e0 par des millions de personnes. La premi\u00e8re h\u00e9berge des dizaines de milliers de consultations et a suscit\u00e9, par exemple, plus de 42 millions de votes autour de questions soumises par les Nations unies (sur le d\u00e9veloppement durable), l\u2019OCDE (sur l\u2019\u00e9ducation), la ville de Calgary (pour son budget participatif), ou encore celle de New York, qui s\u2019en est inspir\u00e9e pour faire \u00e9merger plusieurs projets en mati\u00e8re d\u2019environnement.<\/p>\n<p><em><em><strong><strong>\u00c0 lire aussi : <a href=\"https:\/\/theconversation.com\/dans-notre-monde-numerique-comment-reinventer-le-debat-democratique-161864\">Dans notre monde num\u00e9rique, comment r\u00e9inventer le d\u00e9bat d\u00e9mocratique ?<\/a><\/strong><\/strong><\/em><\/em><\/p>\n<p>La seconde a notamment \u00e9t\u00e9 popularis\u00e9e par Audrey Tang, \u00ab hackeuse citoyenne \u00bb de Ta\u00efwan, ex-leader du \u00ab mouvement des tournesols \u00bb en 2014, aujourd\u2019hui ministre. Elle a d\u00e9ploy\u00e9 toute une s\u00e9rie d\u2019outils de consultation et surtout de d\u00e9lib\u00e9ration qui font aujourd\u2019hui partie int\u00e9grante de la vie d\u00e9mocratique du pays. Ainsi, explique-t-elle, <a href=\"https:\/\/www.ted.com\/talks\/audrey_tang_how_digital_innovation_can_fight_pandemics_and_strengthen_democracy\">\u00ab les gens sont libres d\u2019exprimer leurs id\u00e9es, de voter pour ou contre les id\u00e9es des autres \u00bb<\/a>. Mais on d\u00e9couvre qu\u2019ils \u00ab s\u2019accordent sur la plupart des choses, avec la plupart de leurs voisins sur la plupart des questions. Et c\u2019est ce que nous appelons le mandat social ou le mandat d\u00e9mocratique \u00bb.<\/p>\n<h2 id=\"le-temps-du-%C2%AB-gouvernement-humble-%C2%BB\">Le temps du \u00ab gouvernement humble \u00bb<\/h2>\n<p>Une troisi\u00e8me piste rel\u00e8ve non de la technique mais de la m\u00e9thodologie ou de l\u2019\u00e9tat d\u2019esprit, c\u2019est ce que les Finlandais appellent le \u00ab gouvernement humble \u00bb. Il postule que la r\u00e9solution des probl\u00e8mes complexes commence par interroger les enjeux structurels et culturels de la prise de d\u00e9cision politique afin de renoncer \u00e0 la d\u00e9cision verticale pour un \u00ab mod\u00e8le en r\u00e9seau \u00bb.<\/p>\n<p>La mise en \u0153uvre de cette humilit\u00e9 suppose quatre conditions.<\/p>\n<ul>\n<li>La premi\u00e8re consiste \u00e0 rechercher un consensus, f\u00fbt-il minimal, sur les objectifs poursuivis et les valeurs communes qui le sous-tendent.<\/li>\n<li>Deuxi\u00e8me condition : donner de l\u2019autonomie aux diff\u00e9rentes entit\u00e9s appel\u00e9es \u00e0 mettre en pratique la r\u00e9forme.<\/li>\n<li>Troisi\u00e8me condition : des boucles de r\u00e9troaction au sein desquelles circule tout ce que les parties prenantes apprennent en appliquant la r\u00e9forme.<\/li>\n<li>Quatri\u00e8me et derni\u00e8re condition : la possibilit\u00e9 de r\u00e9viser la r\u00e9forme en permanence, d\u00e8s lors qu\u2019une situation ou une connaissance nouvelle remettent en cause ce qui a \u00e9t\u00e9 d\u00e9cid\u00e9.<\/li>\n<\/ul>\n<p>Si la technologie ne constitue pas la solution au probl\u00e8me de la confiscation de la parole d\u00e9mocratique, elle est un outil qui, bien utilis\u00e9, contribue \u00e0 le r\u00e9soudre. Et s\u2019il demeure logique et raisonnable de donner aux \u00e9lus le temps de mettre en \u0153uvre leur programme sur plusieurs ann\u00e9es, de nombreux sujets peuvent et doivent \u00eatre soumis \u00e0 discussion et \u00e0 des formes de vote \u00e0 un rythme bien plus soutenu.<\/p>\n<figure class=\"kg-card kg-image-card kg-card-hascaption\"><img decoding=\"async\" class=\"kg-image\" src=\"http:\/\/www.learningplanetinstitute.org\/wp-content\/uploads\/2025\/10\/file-20220118-17-1vcnf9u.jpeg\" alt=\"\" \/><figcaption><span class=\"attribution\"><span class=\"source\">Editions Calmann-L\u00e9vy<\/span><\/span><\/figcaption><\/figure>\n<p>Les nouvelles Lumi\u00e8res doivent donc actualiser leur formidable h\u00e9ritage dans un contexte \u00e9galitaire et au regard de deux notions ignor\u00e9es au XVIII<sup>e<\/sup> si\u00e8cle : l\u2019acc\u00e9l\u00e9ration (et la finitude de la plan\u00e8te) et la simultan\u00e9it\u00e9 des exp\u00e9riences humaines (la mondialisation). Et nous aider \u00e0 passer d\u2019une logique de l\u2019avoir \u00e0 une logique de l\u2019\u00eatre.<\/p>\n<p>Les propositions ne manquent pas. Faire le lien entre la myriade d\u2019initiatives ou de volont\u00e9s individuelles qui existent et les entit\u00e9s capables d\u2019agir \u00e0 une large \u00e9chelle nous invite \u00e0 multiplier les espaces interm\u00e9diaires (middle grounds), des massive open online debates (MOOD), o\u00f9 les id\u00e9es se transforment en actions, <a href=\"\/news\/et-si-nous-une-plateforme-collaborative\/\">o\u00f9 des personnes d\u2019horizons vari\u00e9s co-construisent des futurs possibles<\/a>.<\/p>\n<p>\u00c0 l\u2019occasion de la journ\u00e9e internationale de l\u2019\u00e9ducation de l\u2019Unesco, le festival <a href=\"https:\/\/festival.learning-planet.org\/fr\/\">\u00ab Et si apprendre \u00e9tait une f\u00eate ? \u00bb<\/a> en fournit une autre occasion. L\u2019abstention, grandissante, n\u2019est pas (seulement) un signe de d\u00e9-participation citoyenne. <a href=\"https:\/\/www.franceinter.fr\/emissions\/une-semaine-en-france\/une-semaine-en-france-du-vendredi-14-janvier-2022\">De multiples autres mani\u00e8res de s\u2019engager dans la vie collective se d\u00e9ploient, dans toutes les g\u00e9n\u00e9rations<\/a>. Celles et ceux qui aspirent aux responsabilit\u00e9s politiques ne doivent plus les ignorer.<\/p>\n<hr \/>\n<p><em>Le dernier livre de Fran\u00e7ois Taddei, <a href=\"https:\/\/calmann-levy.fr\/livre\/apprendre-au-xxie-si%C3%A8cle-9782702163429\">\u00ab Et si nous ? Comment relever ensemble les d\u00e9fis du XXI\u1d49 si\u00e8cle \u00bb<\/a> est paru aux \u00e9ditions Calmann-L\u00e9vy, en janvier 2022. Chez le m\u00eame \u00e9diteur, Marie-C\u00e9cile Naves est l\u2019autrice de <a href=\"https:\/\/calmann-levy.fr\/livre\/la-democratie-feministe-9782702180020\">\u00ab La D\u00e9mocratie f\u00e9ministe. R\u00e9inventer le pouvoir \u00bb<\/a>.<\/em><\/p>\n<p><a href=\"https:\/\/theconversation.com\/profiles\/francois-taddei-213581\">Fran\u00e7ois Taddei<\/a>, Chercheur Inserm, directeur, <em><a href=\"https:\/\/theconversation.com\/institutions\/centre-de-recherches-interdisciplinaires-cri-2417\">Learning Planet Institute<\/a><\/em> et <a href=\"https:\/\/theconversation.com\/profiles\/marie-cecile-naves-190001\">Marie-C\u00e9cile Naves<\/a>, Docteure en science politique, chercheuse associ\u00e9e au <em><a href=\"https:\/\/theconversation.com\/institutions\/centre-de-recherches-interdisciplinaires-cri-2417\">Learning Planet Institute)<\/a><\/em><\/p>\n<p>Cet article est republi\u00e9 \u00e0 partir de <a href=\"https:\/\/theconversation.com\">The Conversation<\/a> sous licence Creative Commons. Lire l\u2019<a href=\"https:\/\/theconversation.com\/et-si-nous-avions-des-debats-constructifs-168595\">article original<\/a>.<\/p>\n","protected":false},"excerpt":{"rendered":"<p>L\u2019extraordinaire synchronisation de nos exp\u00e9riences due \u00e0 la pand\u00e9mie favorise une prise de conscience globale de l\u2019urgence de nous r\u00e9inventer et nous offre l\u2019opportunit\u00e9 de transformer nos modes d\u2019organisation.<\/p>\n","protected":false},"author":10,"featured_media":870,"comment_status":"closed","ping_status":"closed","sticky":false,"template":"","format":"standard","meta":{"_acf_changed":false,"_seopress_robots_primary_cat":"none","_seopress_titles_title":"","_seopress_titles_desc":"","_seopress_robots_index":"","footnotes":""},"categories":[22],"tags":[41,21],"class_list":["post-867","post","type-post","status-publish","format-standard","has-post-thumbnail","hentry","category-institutional","tag-francois-taddei","tag-publication"],"acf":[],"meta_box":[],"_links":{"self":[{"href":"https:\/\/www.learningplanetinstitute.org\/fr\/wp-json\/wp\/v2\/posts\/867","targetHints":{"allow":["GET"]}}],"collection":[{"href":"https:\/\/www.learningplanetinstitute.org\/fr\/wp-json\/wp\/v2\/posts"}],"about":[{"href":"https:\/\/www.learningplanetinstitute.org\/fr\/wp-json\/wp\/v2\/types\/post"}],"author":[{"embeddable":true,"href":"https:\/\/www.learningplanetinstitute.org\/fr\/wp-json\/wp\/v2\/users\/10"}],"replies":[{"embeddable":true,"href":"https:\/\/www.learningplanetinstitute.org\/fr\/wp-json\/wp\/v2\/comments?post=867"}],"version-history":[{"count":0,"href":"https:\/\/www.learningplanetinstitute.org\/fr\/wp-json\/wp\/v2\/posts\/867\/revisions"}],"wp:featuredmedia":[{"embeddable":true,"href":"https:\/\/www.learningplanetinstitute.org\/fr\/wp-json\/wp\/v2\/media\/870"}],"wp:attachment":[{"href":"https:\/\/www.learningplanetinstitute.org\/fr\/wp-json\/wp\/v2\/media?parent=867"}],"wp:term":[{"taxonomy":"category","embeddable":true,"href":"https:\/\/www.learningplanetinstitute.org\/fr\/wp-json\/wp\/v2\/categories?post=867"},{"taxonomy":"post_tag","embeddable":true,"href":"https:\/\/www.learningplanetinstitute.org\/fr\/wp-json\/wp\/v2\/tags?post=867"}],"curies":[{"name":"wp","href":"https:\/\/api.w.org\/{rel}","templated":true}]}}